{"id":4443,"date":"2021-06-04T20:08:00","date_gmt":"2021-06-04T20:08:00","guid":{"rendered":"https:\/\/devel.concertationspe.qc.ca\/?p=4443"},"modified":"2026-01-05T16:09:14","modified_gmt":"2026-01-05T16:09:14","slug":"nouvelles-de-la-rui-4-juin-2021","status":"publish","type":"post","link":"https:\/\/concertationspe.qc.ca\/en\/nouvelles-de-la-rui-4-juin-2021\/","title":{"rendered":"Nouvelles de la RUI &#8211; 4 juin 2021"},"content":{"rendered":"<p><strong>Revitalisons ensemble notre quartier!<\/strong><\/p>\n\n\n\n<p><strong>\u2116<\/strong><strong> 42- Vendredi 4 juin 2021<\/strong><\/p>\n\n\n\n<p><strong>Rue Hadley&nbsp;: les jardini\u00e8res sont l\u00e0!<\/strong><\/p>\n\n\n\n<div class=\"wp-block-image\"><figure class=\"alignleft size-full is-resized\"><img decoding=\"async\" src=\"https:\/\/devel.concertationspe.qc.ca\/wp-content\/uploads\/2022\/05\/Capture-de\u0301cran-le-2022-05-17-a\u0300-16.10.55.png\" alt=\"\" class=\"wp-image-4444\" width=\"194\" height=\"223\" srcset=\"https:\/\/concertationspe.qc.ca\/wp-content\/uploads\/2022\/05\/Capture-de\u0301cran-le-2022-05-17-a\u0300-16.10.55.png 414w, https:\/\/concertationspe.qc.ca\/wp-content\/uploads\/2022\/05\/Capture-de\u0301cran-le-2022-05-17-a\u0300-16.10.55-262x300.png 262w, https:\/\/concertationspe.qc.ca\/wp-content\/uploads\/2022\/05\/Capture-de\u0301cran-le-2022-05-17-a\u0300-16.10.55-10x12.png 10w\" sizes=\"(max-width: 194px) 100vw, 194px\" \/><\/figure><\/div>\n\n\n\n<p>C\u2019est fait! Plus d\u2019<strong>une trentaine de jardini\u00e8res <\/strong>ont \u00e9t\u00e9 pr\u00e9par\u00e9es et install\u00e9es sur le tron\u00e7on de la rue Hadley entre Cardinal &nbsp;et l\u2019autoroute.<\/p>\n\n\n\n<p>La r\u00e9ponse des citoyens a \u00e9t\u00e9 tr\u00e8s positive. On se r\u00e9jouit notamment que le projet ait attir\u00e9 des r\u00e9sidents tr\u00e8s vari\u00e9s. &nbsp;Les fleurs sont, \u00e0 l\u2019\u00e9vidence, un beau trait d\u2019union entre riverains.<\/p>\n\n\n\n<div class=\"wp-block-image\"><figure class=\"alignright size-full is-resized\"><img decoding=\"async\" src=\"https:\/\/devel.concertationspe.qc.ca\/wp-content\/uploads\/2022\/05\/Capture-de\u0301cran-le-2022-05-17-a\u0300-16.11.27.png\" alt=\"\" class=\"wp-image-4445\" width=\"247\" height=\"182\" srcset=\"https:\/\/concertationspe.qc.ca\/wp-content\/uploads\/2022\/05\/Capture-de\u0301cran-le-2022-05-17-a\u0300-16.11.27.png 442w, https:\/\/concertationspe.qc.ca\/wp-content\/uploads\/2022\/05\/Capture-de\u0301cran-le-2022-05-17-a\u0300-16.11.27-300x221.png 300w, https:\/\/concertationspe.qc.ca\/wp-content\/uploads\/2022\/05\/Capture-de\u0301cran-le-2022-05-17-a\u0300-16.11.27-16x12.png 16w\" sizes=\"(max-width: 247px) 100vw, 247px\" \/><\/figure><\/div>\n\n\n\n<p>Des salutations sp\u00e9ciales aux r\u00e9sidents de la <strong>coop\u00e9rative d\u2019habitation Le Nid d\u2019amour<\/strong> (photo ci-contre) qui ont embarqu\u00e9 avec enthousiasme dans le projet. Six belles jardini\u00e8res couleur terre cuite d\u00e9corent maintenant les balcons de la b\u00e2tisse.<\/p>\n\n\n\n<div class=\"wp-block-image\"><figure class=\"alignleft size-full is-resized\"><img decoding=\"async\" src=\"https:\/\/devel.concertationspe.qc.ca\/wp-content\/uploads\/2022\/05\/Capture-de\u0301cran-le-2022-05-17-a\u0300-16.12.01.png\" alt=\"\" class=\"wp-image-4446\" width=\"222\" height=\"103\" srcset=\"https:\/\/concertationspe.qc.ca\/wp-content\/uploads\/2022\/05\/Capture-de\u0301cran-le-2022-05-17-a\u0300-16.12.01.png 586w, https:\/\/concertationspe.qc.ca\/wp-content\/uploads\/2022\/05\/Capture-de\u0301cran-le-2022-05-17-a\u0300-16.12.01-300x139.png 300w, https:\/\/concertationspe.qc.ca\/wp-content\/uploads\/2022\/05\/Capture-de\u0301cran-le-2022-05-17-a\u0300-16.12.01-18x8.png 18w\" sizes=\"(max-width: 222px) 100vw, 222px\" \/><\/figure><\/div>\n\n\n\n<p>Si vous parcourez cette partie de la rue Hadley, levez la t\u00eate, des jardini\u00e8res offrent des couleurs.<\/p>\n\n\n\n<div class=\"wp-block-image\"><figure class=\"alignright size-full is-resized\"><img loading=\"lazy\" decoding=\"async\" src=\"https:\/\/devel.concertationspe.qc.ca\/wp-content\/uploads\/2022\/05\/Capture-de\u0301cran-le-2022-05-17-a\u0300-16.12.40.png\" alt=\"\" class=\"wp-image-4447\" width=\"166\" height=\"132\" srcset=\"https:\/\/concertationspe.qc.ca\/wp-content\/uploads\/2022\/05\/Capture-de\u0301cran-le-2022-05-17-a\u0300-16.12.40.png 420w, https:\/\/concertationspe.qc.ca\/wp-content\/uploads\/2022\/05\/Capture-de\u0301cran-le-2022-05-17-a\u0300-16.12.40-300x239.png 300w, https:\/\/concertationspe.qc.ca\/wp-content\/uploads\/2022\/05\/Capture-de\u0301cran-le-2022-05-17-a\u0300-16.12.40-15x12.png 15w\" sizes=\"(max-width: 166px) 100vw, 166px\" \/><\/figure><\/div>\n\n\n\n<p>D\u2019autres comme celles-ci au coin de l\u2019\u00c9glise-Hadley sont plus discr\u00e8tes.<\/p>\n\n\n\n<p>Enfin, les \u00e9changes avec les riverains d\u00e9montrent clairement que cette partie d\u2019Hadley a besoin de plus comme par exempleune bande cyclable repeinte et s\u00e9curitaire, un r\u00e9tr\u00e9cissement de la rue, une limitation de la vitesse, etc. &nbsp;<\/p>\n\n\n\n<div class=\"wp-block-image\"><figure class=\"alignright size-full is-resized\"><img loading=\"lazy\" decoding=\"async\" src=\"https:\/\/devel.concertationspe.qc.ca\/wp-content\/uploads\/2022\/05\/Capture-de\u0301cran-le-2022-05-17-a\u0300-16.13.57.png\" alt=\"\" class=\"wp-image-4448\" width=\"159\" height=\"197\" srcset=\"https:\/\/concertationspe.qc.ca\/wp-content\/uploads\/2022\/05\/Capture-de\u0301cran-le-2022-05-17-a\u0300-16.13.57.png 332w, https:\/\/concertationspe.qc.ca\/wp-content\/uploads\/2022\/05\/Capture-de\u0301cran-le-2022-05-17-a\u0300-16.13.57-242x300.png 242w, https:\/\/concertationspe.qc.ca\/wp-content\/uploads\/2022\/05\/Capture-de\u0301cran-le-2022-05-17-a\u0300-16.13.57-10x12.png 10w\" sizes=\"(max-width: 159px) 100vw, 159px\" \/><\/figure><\/div>\n\n\n\n<p>Un <strong>v\u00e9ritable r\u00e9am\u00e9nagement<\/strong> ferait un grand bien \u00e0 ce secteur.<\/p>\n\n\n\n<p><strong>Des fleurs \u00e9galement sur la rue Galt!<\/strong><\/p>\n\n\n\n<p>La pr\u00e9paration des 37 jardini\u00e8res a eu lieu devant le local communautaire du 1946 Galt. Le surplus de terreau et de fleurs ont permis de fleurir les deux bacs install\u00e9s devant le local.<\/p>\n\n\n\n<p><strong>Une c\u00f4te adoucie!<\/strong><\/p>\n\n\n\n<div class=\"wp-block-image\"><figure class=\"alignleft size-full is-resized\"><img loading=\"lazy\" decoding=\"async\" src=\"https:\/\/devel.concertationspe.qc.ca\/wp-content\/uploads\/2022\/05\/Capture-de\u0301cran-le-2022-05-17-a\u0300-16.14.41.png\" alt=\"\" class=\"wp-image-4449\" width=\"212\" height=\"157\" srcset=\"https:\/\/concertationspe.qc.ca\/wp-content\/uploads\/2022\/05\/Capture-de\u0301cran-le-2022-05-17-a\u0300-16.14.41.png 440w, https:\/\/concertationspe.qc.ca\/wp-content\/uploads\/2022\/05\/Capture-de\u0301cran-le-2022-05-17-a\u0300-16.14.41-300x222.png 300w, https:\/\/concertationspe.qc.ca\/wp-content\/uploads\/2022\/05\/Capture-de\u0301cran-le-2022-05-17-a\u0300-16.14.41-16x12.png 16w\" sizes=\"(max-width: 212px) 100vw, 212px\" \/><\/figure><\/div>\n\n\n\n<p>Le bout de piste cyclable entre le Canal de Lachine et la rue Saint-Patrick a \u00e9t\u00e9 refait il y a quelques temps mais tr\u00e8s vite, tout le monde a constat\u00e9 que <strong>la pente est beaucoup trop abrupte<\/strong> et \u00ab&nbsp;plonge&nbsp;\u00bb litt\u00e9ralement vers Saint-Patrick. &nbsp;<\/p>\n\n\n\n<div class=\"wp-block-image\"><figure class=\"alignright size-full is-resized\"><img loading=\"lazy\" decoding=\"async\" src=\"https:\/\/devel.concertationspe.qc.ca\/wp-content\/uploads\/2022\/05\/Capture-de\u0301cran-le-2022-05-17-a\u0300-16.15.11.png\" alt=\"\" class=\"wp-image-4450\" width=\"208\" height=\"157\" srcset=\"https:\/\/concertationspe.qc.ca\/wp-content\/uploads\/2022\/05\/Capture-de\u0301cran-le-2022-05-17-a\u0300-16.15.11.png 486w, https:\/\/concertationspe.qc.ca\/wp-content\/uploads\/2022\/05\/Capture-de\u0301cran-le-2022-05-17-a\u0300-16.15.11-300x226.png 300w, https:\/\/concertationspe.qc.ca\/wp-content\/uploads\/2022\/05\/Capture-de\u0301cran-le-2022-05-17-a\u0300-16.15.11-16x12.png 16w\" sizes=\"(max-width: 208px) 100vw, 208px\" \/><\/figure><\/div>\n\n\n\n<p>Un escalier remplace maintenant l\u2019ancienne et une pente adoucie a \u00e9t\u00e9 am\u00e9nag\u00e9e vers la droite. Cela en fait une intersection plus s\u00e9curitaire.<\/p>\n\n\n\n<p><strong>Des travaux sur la bande cyclable de l\u2019avenue de l\u2019\u00c9glise<\/strong><\/p>\n\n\n\n<div class=\"wp-block-image\"><figure class=\"alignleft size-full is-resized\"><img loading=\"lazy\" decoding=\"async\" src=\"https:\/\/devel.concertationspe.qc.ca\/wp-content\/uploads\/2022\/05\/Capture-de\u0301cran-le-2022-05-17-a\u0300-16.15.55.png\" alt=\"\" class=\"wp-image-4451\" width=\"167\" height=\"260\" srcset=\"https:\/\/concertationspe.qc.ca\/wp-content\/uploads\/2022\/05\/Capture-de\u0301cran-le-2022-05-17-a\u0300-16.15.55.png 300w, https:\/\/concertationspe.qc.ca\/wp-content\/uploads\/2022\/05\/Capture-de\u0301cran-le-2022-05-17-a\u0300-16.15.55-192x300.png 192w, https:\/\/concertationspe.qc.ca\/wp-content\/uploads\/2022\/05\/Capture-de\u0301cran-le-2022-05-17-a\u0300-16.15.55-8x12.png 8w\" sizes=\"(max-width: 167px) 100vw, 167px\" \/><\/figure><\/div>\n\n\n\n<p>De l\u2019asphalte a \u00e9t\u00e9 ajout\u00e9 afin de combler les trous de la bande cyclable de l\u2019avenue de l\u2019\u00c9glise. Cela fait un grand bien car&nbsp; la chauss\u00e9e est devenue dangeureuse.<\/p>\n\n\n\n<p>Cette bande cyclable fait partie du plan v\u00e9lo de la Ville de Montr\u00e9al et c\u2019est la Ville-centre qui pilote le tout. La <strong>bande cyclable doit \u00eatre repeinte<\/strong> en 2021.<\/p>\n\n\n\n<p>Compte tenu des d\u00e9lais annonc\u00e9s pour la r\u00e9fection de l\u2019avenue de l\u2019\u00c9glise et l\u2019am\u00e9nagement du lien f\u00e9d\u00e9rateur cycliste, cette bande est l\u00e0 pour un bon moment encore, une bonne id\u00e9e de la r\u00e9parer.<\/p>\n\n\n\n<p><strong>Le r\u00e9am\u00e9nagement de l\u2019avenue de l\u2019\u00c9glise report\u00e9<\/strong><\/p>\n\n\n\n<div class=\"wp-block-image\"><figure class=\"alignright size-full is-resized\"><img loading=\"lazy\" decoding=\"async\" src=\"https:\/\/devel.concertationspe.qc.ca\/wp-content\/uploads\/2022\/05\/Capture-de\u0301cran-le-2022-05-17-a\u0300-16.17.24.png\" alt=\"\" class=\"wp-image-4452\" width=\"152\" height=\"207\" srcset=\"https:\/\/concertationspe.qc.ca\/wp-content\/uploads\/2022\/05\/Capture-de\u0301cran-le-2022-05-17-a\u0300-16.17.24.png 334w, https:\/\/concertationspe.qc.ca\/wp-content\/uploads\/2022\/05\/Capture-de\u0301cran-le-2022-05-17-a\u0300-16.17.24-221x300.png 221w, https:\/\/concertationspe.qc.ca\/wp-content\/uploads\/2022\/05\/Capture-de\u0301cran-le-2022-05-17-a\u0300-16.17.24-9x12.png 9w\" sizes=\"(max-width: 152px) 100vw, 152px\" \/><\/figure><\/div>\n\n\n\n<p>La patience citoyenne sera de nouveau mise \u00e0 l\u2019\u00e9preuve puisque l\u2019Arrondissement du Sud-Ouest a annpnc\u00e9 que la revitalisation de l\u2019avenue de l\u2019\u00c9glise pr\u00e9vue dans le PDUES Turcot est report\u00e9e \u00e0 une date inconnue.<\/p>\n\n\n\n<div class=\"wp-block-image\"><figure class=\"alignleft size-full is-resized\"><img loading=\"lazy\" decoding=\"async\" src=\"https:\/\/devel.concertationspe.qc.ca\/wp-content\/uploads\/2022\/05\/Capture-de\u0301cran-le-2022-05-17-a\u0300-16.17.50.png\" alt=\"\" class=\"wp-image-4453\" width=\"182\" height=\"246\" srcset=\"https:\/\/concertationspe.qc.ca\/wp-content\/uploads\/2022\/05\/Capture-de\u0301cran-le-2022-05-17-a\u0300-16.17.50.png 342w, https:\/\/concertationspe.qc.ca\/wp-content\/uploads\/2022\/05\/Capture-de\u0301cran-le-2022-05-17-a\u0300-16.17.50-222x300.png 222w, https:\/\/concertationspe.qc.ca\/wp-content\/uploads\/2022\/05\/Capture-de\u0301cran-le-2022-05-17-a\u0300-16.17.50-9x12.png 9w\" sizes=\"(max-width: 182px) 100vw, 182px\" \/><\/figure><\/div>\n\n\n\n<p>L\u2019avenue de l\u2019\u00c9glise n\u2019est pas prioris\u00e9e dans le r\u00e9am\u00e9nagement des travaux pr\u00e9vus. Mince consolation, le projet est toujours l\u00e0 car il aurait pu \u00eatre compl\u00e8tement retir\u00e9 de la liste.<\/p>\n\n\n\n<p>\u00c0 l\u2019Arrondissement, on rappelle que la revitalisation de l\u2019avenue est un projet int\u00e9gr\u00e9. <strong>Plusieurs services municipaux<\/strong> sont touch\u00e9s et que tout part du <strong>Service de l\u2019eau<\/strong> (\u00e9gouts et aqueduc) et que c\u2019est aussi de ce c\u00f4t\u00e9 que se dicte le calendrier.<\/p>\n\n\n\n<p>Compte tenu des longs d\u00e9lais, nous sugg\u00e9rons \u00e0 l\u2019Arrondissement que des <strong>mesures temporaires d\u2019embellissement et de verdissement de l\u2019avenue doivent \u00eatre implant\u00e9es<\/strong>. <strong>Qu\u2019en pensez-vous?<\/strong><\/p>\n\n\n\n<p><strong>Une murale pour l\u2019\u00e9picerie solidaire Paule &amp; \u00c9mard!<\/strong><\/p>\n\n\n\n<div class=\"wp-block-image\"><figure class=\"alignright size-full is-resized\"><img loading=\"lazy\" decoding=\"async\" src=\"https:\/\/devel.concertationspe.qc.ca\/wp-content\/uploads\/2022\/05\/Capture-de\u0301cran-le-2022-05-17-a\u0300-16.18.22.png\" alt=\"\" class=\"wp-image-4454\" width=\"212\" height=\"193\" srcset=\"https:\/\/concertationspe.qc.ca\/wp-content\/uploads\/2022\/05\/Capture-de\u0301cran-le-2022-05-17-a\u0300-16.18.22.png 472w, https:\/\/concertationspe.qc.ca\/wp-content\/uploads\/2022\/05\/Capture-de\u0301cran-le-2022-05-17-a\u0300-16.18.22-300x272.png 300w, https:\/\/concertationspe.qc.ca\/wp-content\/uploads\/2022\/05\/Capture-de\u0301cran-le-2022-05-17-a\u0300-16.18.22-13x12.png 13w\" sizes=\"(max-width: 212px) 100vw, 212px\" \/><\/figure><\/div>\n\n\n\n<p>Le mur ext\u00e9rieur de notre \u00e9picerie situ\u00e9e sur la rue de Maricourt au coin de Drake a besoin d\u2019une cure de rajeunissement. Un projet de murale est donc lanc\u00e9 et les citoyens sont invit\u00e9s \u00e0 nous faire part de leurs id\u00e9es pour le design de cette murale.<\/p>\n\n\n\n<p>Comment imaginez-vous la murale? Quels couleurs, motifs, images aimeriez-vous voir sur ce mur? Vous avez des id\u00e9es? Merci de les partager avec Catherine \u00e0 <a href=\"mailto:accesalimentaire@concertationspe.qc.ca\">accesalimentaire@concertationspe.qc.ca<\/a> avant le 20 juin.<\/p>\n\n\n\n<p>Rappel&nbsp;: <strong>l\u2019\u00e9picerie solidaire Paule &amp; \u00c9mard a \u00e9t\u00e9 d\u00e9velopp\u00e9e et pilot\u00e9e par le comit\u00e9 S\u00e9curit\u00e9 Alimentaire de Concertation<\/strong>. Elle est au c\u0153ur de notre syst\u00e8me alimentaire local. Allez la d\u00e9couvrir, elle est ouverte \u00e0 tout le monde!<\/p>\n\n\n\n<p><strong>Des am\u00e9nagements paysagers rue de Roberval<\/strong><\/p>\n\n\n\n<div class=\"wp-block-image\"><figure class=\"alignleft size-full is-resized\"><img loading=\"lazy\" decoding=\"async\" src=\"https:\/\/devel.concertationspe.qc.ca\/wp-content\/uploads\/2022\/05\/Capture-de\u0301cran-le-2022-05-17-a\u0300-16.19.54.png\" alt=\"\" class=\"wp-image-4455\" width=\"224\" height=\"178\" srcset=\"https:\/\/concertationspe.qc.ca\/wp-content\/uploads\/2022\/05\/Capture-de\u0301cran-le-2022-05-17-a\u0300-16.19.54.png 426w, https:\/\/concertationspe.qc.ca\/wp-content\/uploads\/2022\/05\/Capture-de\u0301cran-le-2022-05-17-a\u0300-16.19.54-300x238.png 300w, https:\/\/concertationspe.qc.ca\/wp-content\/uploads\/2022\/05\/Capture-de\u0301cran-le-2022-05-17-a\u0300-16.19.54-15x12.png 15w\" sizes=\"(max-width: 224px) 100vw, 224px\" \/><\/figure><\/div>\n\n\n\n<p>Les am\u00e9nagements paysagers se poursuivent le long de la rue de Roberval.<\/p>\n\n\n\n<div class=\"wp-block-image\"><figure class=\"alignright size-full is-resized\"><img loading=\"lazy\" decoding=\"async\" src=\"https:\/\/devel.concertationspe.qc.ca\/wp-content\/uploads\/2022\/05\/Capture-de\u0301cran-le-2022-05-17-a\u0300-16.21.21.png\" alt=\"\" class=\"wp-image-4457\" width=\"122\" height=\"211\" srcset=\"https:\/\/concertationspe.qc.ca\/wp-content\/uploads\/2022\/05\/Capture-de\u0301cran-le-2022-05-17-a\u0300-16.21.21.png 300w, https:\/\/concertationspe.qc.ca\/wp-content\/uploads\/2022\/05\/Capture-de\u0301cran-le-2022-05-17-a\u0300-16.21.21-173x300.png 173w, https:\/\/concertationspe.qc.ca\/wp-content\/uploads\/2022\/05\/Capture-de\u0301cran-le-2022-05-17-a\u0300-16.21.21-7x12.png 7w\" sizes=\"(max-width: 122px) 100vw, 122px\" \/><\/figure><\/div>\n\n\n\n<div class=\"wp-block-image\"><figure class=\"alignleft size-full is-resized\"><img loading=\"lazy\" decoding=\"async\" src=\"https:\/\/devel.concertationspe.qc.ca\/wp-content\/uploads\/2022\/05\/Capture-de\u0301cran-le-2022-05-17-a\u0300-16.20.18.png\" alt=\"\" class=\"wp-image-4456\" width=\"195\" height=\"111\" srcset=\"https:\/\/concertationspe.qc.ca\/wp-content\/uploads\/2022\/05\/Capture-de\u0301cran-le-2022-05-17-a\u0300-16.20.18.png 380w, https:\/\/concertationspe.qc.ca\/wp-content\/uploads\/2022\/05\/Capture-de\u0301cran-le-2022-05-17-a\u0300-16.20.18-300x171.png 300w, https:\/\/concertationspe.qc.ca\/wp-content\/uploads\/2022\/05\/Capture-de\u0301cran-le-2022-05-17-a\u0300-16.20.18-18x10.png 18w\" sizes=\"(max-width: 195px) 100vw, 195px\" \/><\/figure><\/div>\n\n\n\n<p>Des arbustes et des rosiers ont \u00e9t\u00e9 plant\u00e9s dans la longue bande v\u00e9g\u00e9talis\u00e9e le long de la rue alors que des lilas sont plant\u00e9s le long du mur.<\/p>\n\n\n\n<p><strong>Une pergola pour la ruelle verte Le Caron<\/strong><\/p>\n\n\n\n<div class=\"wp-block-image\"><figure class=\"alignright size-full is-resized\"><img loading=\"lazy\" decoding=\"async\" src=\"https:\/\/devel.concertationspe.qc.ca\/wp-content\/uploads\/2022\/05\/Capture-de\u0301cran-le-2022-05-17-a\u0300-16.23.07.png\" alt=\"\" class=\"wp-image-4459\" width=\"272\" height=\"203\" srcset=\"https:\/\/concertationspe.qc.ca\/wp-content\/uploads\/2022\/05\/Capture-de\u0301cran-le-2022-05-17-a\u0300-16.23.07.png 456w, https:\/\/concertationspe.qc.ca\/wp-content\/uploads\/2022\/05\/Capture-de\u0301cran-le-2022-05-17-a\u0300-16.23.07-300x224.png 300w, https:\/\/concertationspe.qc.ca\/wp-content\/uploads\/2022\/05\/Capture-de\u0301cran-le-2022-05-17-a\u0300-16.23.07-16x12.png 16w\" sizes=\"(max-width: 272px) 100vw, 272px\" \/><\/figure><\/div>\n\n\n\n<p>L\u2019am\u00e9nagement de cette ruelle verte se poursuit. Les riverains ont ainsi construit r\u00e9cemment une pergola afin de cr\u00e9er une zone de fra\u00eecheur.<\/p>\n\n\n\n<p>Ces ruelles vertes deviennent des lieux qui apportent une plus value au quartier.<\/p>\n\n\n\n<p><strong>Deux \u00e9tudiants-animateurs recherch\u00e9s pour l\u2019\u00e9t\u00e9!<\/strong><\/p>\n\n\n\n<div class=\"wp-block-image\"><figure class=\"alignleft size-full is-resized\"><img loading=\"lazy\" decoding=\"async\" src=\"https:\/\/devel.concertationspe.qc.ca\/wp-content\/uploads\/2022\/05\/Capture-de\u0301cran-le-2022-05-17-a\u0300-16.23.36.png\" alt=\"\" class=\"wp-image-4460\" width=\"233\" height=\"172\" srcset=\"https:\/\/concertationspe.qc.ca\/wp-content\/uploads\/2022\/05\/Capture-de\u0301cran-le-2022-05-17-a\u0300-16.23.36.png 448w, https:\/\/concertationspe.qc.ca\/wp-content\/uploads\/2022\/05\/Capture-de\u0301cran-le-2022-05-17-a\u0300-16.23.36-300x221.png 300w, https:\/\/concertationspe.qc.ca\/wp-content\/uploads\/2022\/05\/Capture-de\u0301cran-le-2022-05-17-a\u0300-16.23.36-16x12.png 16w\" sizes=\"(max-width: 233px) 100vw, 233px\" \/><\/figure><\/div>\n\n\n\n<p>Nous sommes \u00e0 la recherche de 2 jeunes qui aideront \u00e0 l\u2019organisation des jeux et des activit\u00e9s dans le quartier. Un emploi de 9 semaines commen\u00e7ant le 28 juin.<\/p>\n\n\n\n<p>Envoyez votre CV accompagn\u00e9e d\u2019une lettre de motivation \u00e0 <a href=\"mailto:info@concertationspe.qc.ca\">info@concertationspe.qc.ca<\/a> d\u2019ici le 11 juin.<\/p>\n\n\n\n<div class=\"wp-block-image\"><figure class=\"alignright size-full is-resized\"><img loading=\"lazy\" decoding=\"async\" src=\"https:\/\/devel.concertationspe.qc.ca\/wp-content\/uploads\/2022\/05\/Capture-de\u0301cran-le-2022-05-17-a\u0300-16.24.17.png\" alt=\"\" class=\"wp-image-4461\" width=\"160\" height=\"173\" srcset=\"https:\/\/concertationspe.qc.ca\/wp-content\/uploads\/2022\/05\/Capture-de\u0301cran-le-2022-05-17-a\u0300-16.24.17.png 352w, https:\/\/concertationspe.qc.ca\/wp-content\/uploads\/2022\/05\/Capture-de\u0301cran-le-2022-05-17-a\u0300-16.24.17-276x300.png 276w, https:\/\/concertationspe.qc.ca\/wp-content\/uploads\/2022\/05\/Capture-de\u0301cran-le-2022-05-17-a\u0300-16.24.17-11x12.png 11w\" sizes=\"(max-width: 160px) 100vw, 160px\" \/><\/figure><\/div>\n\n\n\n<p><strong>Le march\u00e9 mobile de fruits et l\u00e9gumes revient!<\/strong><\/p>\n\n\n\n<p>C\u2019est le retour des march\u00e9s mobiles. Trois arr\u00eats sont au programme cet \u00e9t\u00e9&nbsp;: HLM de l\u2019\u00c9glise-1940 rue Galt-, le mercredi <strong>23 juin<\/strong>, le jeudi <strong>22 juillet<\/strong> et le jeudi <strong>19 ao\u00fbt<\/strong> entre 16h et 18h.<\/p>\n\n\n\n<p>Notez ces dates et venez y faire le plein de fruits et l\u00e9gumes frais \u00e0 prix imbattables!<\/p>\n\n\n\n<p><strong>On construit et on d\u00e9molit dans le quartier!<\/strong><\/p>\n\n\n\n<div class=\"wp-block-image\"><figure class=\"alignleft size-full is-resized\"><img loading=\"lazy\" decoding=\"async\" src=\"https:\/\/devel.concertationspe.qc.ca\/wp-content\/uploads\/2022\/05\/Capture-de\u0301cran-le-2022-05-17-a\u0300-16.24.45.png\" alt=\"\" class=\"wp-image-4462\" width=\"188\" height=\"159\" srcset=\"https:\/\/concertationspe.qc.ca\/wp-content\/uploads\/2022\/05\/Capture-de\u0301cran-le-2022-05-17-a\u0300-16.24.45.png 412w, https:\/\/concertationspe.qc.ca\/wp-content\/uploads\/2022\/05\/Capture-de\u0301cran-le-2022-05-17-a\u0300-16.24.45-300x253.png 300w, https:\/\/concertationspe.qc.ca\/wp-content\/uploads\/2022\/05\/Capture-de\u0301cran-le-2022-05-17-a\u0300-16.24.45-14x12.png 14w\" sizes=\"(max-width: 188px) 100vw, 188px\" \/><\/figure><\/div>\n\n\n\n<div class=\"wp-block-image\"><figure class=\"alignleft size-full is-resized\"><img loading=\"lazy\" decoding=\"async\" src=\"https:\/\/devel.concertationspe.qc.ca\/wp-content\/uploads\/2022\/05\/Capture-de\u0301cran-le-2022-05-17-a\u0300-16.26.13.png\" alt=\"\" class=\"wp-image-4465\" width=\"202\" height=\"156\" srcset=\"https:\/\/concertationspe.qc.ca\/wp-content\/uploads\/2022\/05\/Capture-de\u0301cran-le-2022-05-17-a\u0300-16.26.13.png 364w, https:\/\/concertationspe.qc.ca\/wp-content\/uploads\/2022\/05\/Capture-de\u0301cran-le-2022-05-17-a\u0300-16.26.13-300x232.png 300w, https:\/\/concertationspe.qc.ca\/wp-content\/uploads\/2022\/05\/Capture-de\u0301cran-le-2022-05-17-a\u0300-16.26.13-15x12.png 15w\" sizes=\"(max-width: 202px) 100vw, 202px\" \/><\/figure><\/div>\n\n\n\n<div class=\"wp-block-image\"><figure class=\"alignleft size-full is-resized\"><img loading=\"lazy\" decoding=\"async\" src=\"https:\/\/devel.concertationspe.qc.ca\/wp-content\/uploads\/2022\/05\/Capture-de\u0301cran-le-2022-05-17-a\u0300-16.25.06.png\" alt=\"\" class=\"wp-image-4463\" width=\"115\" height=\"155\" srcset=\"https:\/\/concertationspe.qc.ca\/wp-content\/uploads\/2022\/05\/Capture-de\u0301cran-le-2022-05-17-a\u0300-16.25.06.png 304w, https:\/\/concertationspe.qc.ca\/wp-content\/uploads\/2022\/05\/Capture-de\u0301cran-le-2022-05-17-a\u0300-16.25.06-224x300.png 224w, https:\/\/concertationspe.qc.ca\/wp-content\/uploads\/2022\/05\/Capture-de\u0301cran-le-2022-05-17-a\u0300-16.25.06-9x12.png 9w\" sizes=\"(max-width: 115px) 100vw, 115px\" \/><\/figure><\/div>\n\n\n\n<figure class=\"wp-block-image size-full is-resized\"><img loading=\"lazy\" decoding=\"async\" src=\"https:\/\/devel.concertationspe.qc.ca\/wp-content\/uploads\/2022\/05\/Capture-de\u0301cran-le-2022-05-17-a\u0300-16.25.40.png\" alt=\"\" class=\"wp-image-4464\" width=\"165\" height=\"165\" srcset=\"https:\/\/concertationspe.qc.ca\/wp-content\/uploads\/2022\/05\/Capture-de\u0301cran-le-2022-05-17-a\u0300-16.25.40.png 376w, https:\/\/concertationspe.qc.ca\/wp-content\/uploads\/2022\/05\/Capture-de\u0301cran-le-2022-05-17-a\u0300-16.25.40-300x300.png 300w, https:\/\/concertationspe.qc.ca\/wp-content\/uploads\/2022\/05\/Capture-de\u0301cran-le-2022-05-17-a\u0300-16.25.40-150x150.png 150w, https:\/\/concertationspe.qc.ca\/wp-content\/uploads\/2022\/05\/Capture-de\u0301cran-le-2022-05-17-a\u0300-16.25.40-12x12.png 12w\" sizes=\"(max-width: 165px) 100vw, 165px\" \/><\/figure>\n\n\n\n<p class=\"has-text-align-left\">\u00c7a bouge dans le quartier c\u00f4t\u00e9 immobilier.<\/p>\n\n\n\n<p>Sur la rue Galt, la construction du b\u00e2timent qui remplace le terrain vacant derri\u00e8re l\u2019\u00e9glise Saint-Paul avance rapidement. Cet immeuble, le Lucario, aura des logements \u00e0 louer et selon l\u2019affiche, sa livraison est pr\u00e9vue en septembre 2021.<\/p>\n\n\n\n<p>Du c\u00f4t\u00e9 de la rue Hadley coin Le Caron, le b\u00e2timent de 2 \u00e9tages occupant le site est en voie de d\u00e9molition. Il sera remplac\u00e9 par un nouveau b\u00e2timent de 3 \u00e9tages. <strong><\/strong><\/p>\n\n\n\n<p><strong>Pour la RUI Op\u00e9ration GALT<\/strong><\/p>\n\n\n\n<p><strong>Daniel Duranleau, agent de d\u00e9veloppement 514&nbsp;761-1665 poste 104<\/strong><\/p>","protected":false},"excerpt":{"rendered":"<p>C\u2019est fait! Plus d\u2019une trentaine de jardini\u00e8res ont \u00e9t\u00e9 pr\u00e9par\u00e9es et install\u00e9es sur le tron\u00e7on de la rue Hadley entre Cardinal \u00a0et l\u2019autoroute. La r\u00e9ponse des citoyens a \u00e9t\u00e9 tr\u00e8s positive.<\/p>","protected":false},"author":4,"featured_media":0,"comment_status":"closed","ping_status":"closed","sticky":false,"template":"","format":"standard","meta":{"_jetpack_memberships_contains_paid_content":false,"footnotes":""},"categories":[2],"tags":[],"class_list":["post-4443","post","type-post","status-publish","format-standard","hentry","category-actualites"],"jetpack_featured_media_url":"","jetpack_sharing_enabled":true,"_links":{"self":[{"href":"https:\/\/concertationspe.qc.ca\/en\/wp-json\/wp\/v2\/posts\/4443","targetHints":{"allow":["GET"]}}],"collection":[{"href":"https:\/\/concertationspe.qc.ca\/en\/wp-json\/wp\/v2\/posts"}],"about":[{"href":"https:\/\/concertationspe.qc.ca\/en\/wp-json\/wp\/v2\/types\/post"}],"author":[{"embeddable":true,"href":"https:\/\/concertationspe.qc.ca\/en\/wp-json\/wp\/v2\/users\/4"}],"replies":[{"embeddable":true,"href":"https:\/\/concertationspe.qc.ca\/en\/wp-json\/wp\/v2\/comments?post=4443"}],"version-history":[{"count":5,"href":"https:\/\/concertationspe.qc.ca\/en\/wp-json\/wp\/v2\/posts\/4443\/revisions"}],"predecessor-version":[{"id":4510,"href":"https:\/\/concertationspe.qc.ca\/en\/wp-json\/wp\/v2\/posts\/4443\/revisions\/4510"}],"wp:attachment":[{"href":"https:\/\/concertationspe.qc.ca\/en\/wp-json\/wp\/v2\/media?parent=4443"}],"wp:term":[{"taxonomy":"category","embeddable":true,"href":"https:\/\/concertationspe.qc.ca\/en\/wp-json\/wp\/v2\/categories?post=4443"},{"taxonomy":"post_tag","embeddable":true,"href":"https:\/\/concertationspe.qc.ca\/en\/wp-json\/wp\/v2\/tags?post=4443"}],"curies":[{"name":"wp","href":"https:\/\/api.w.org\/{rel}","templated":true}]}}