{"id":4659,"date":"2022-11-11T17:41:21","date_gmt":"2022-11-11T17:41:21","guid":{"rendered":"https:\/\/concertationspe.qc.ca\/?p=4659"},"modified":"2026-01-05T16:08:30","modified_gmt":"2026-01-05T16:08:30","slug":"nouvelles-de-la-rui-25-mai-2022","status":"publish","type":"post","link":"https:\/\/concertationspe.qc.ca\/en\/nouvelles-de-la-rui-25-mai-2022\/","title":{"rendered":"Nouvelles de la RUI \u2013 25 mai 2022"},"content":{"rendered":"<div data-elementor-type=\"wp-post\" data-elementor-id=\"4659\" class=\"elementor elementor-4659\" data-elementor-post-type=\"post\">\n\t\t\t\t\t\t<section class=\"elementor-section elementor-top-section elementor-element elementor-element-44df20ed elementor-section-boxed elementor-section-height-default elementor-section-height-default\" data-id=\"44df20ed\" data-element_type=\"section\" data-e-type=\"section\">\n\t\t\t\t\t\t<div class=\"elementor-container elementor-column-gap-default\">\n\t\t\t\t\t<div class=\"elementor-column elementor-col-100 elementor-top-column elementor-element elementor-element-3867abda\" data-id=\"3867abda\" data-element_type=\"column\" data-e-type=\"column\">\n\t\t\t<div class=\"elementor-widget-wrap elementor-element-populated\">\n\t\t\t\t\t\t<div class=\"elementor-element elementor-element-17bc70e elementor-widget elementor-widget-text-editor\" data-id=\"17bc70e\" data-element_type=\"widget\" data-e-type=\"widget\" data-widget_type=\"text-editor.default\">\n\t\t\t\t<div class=\"elementor-widget-container\">\n\t\t\t\t\t\t\t\t\t\n<p><strong>B\u00e2tissons notre quartier ensemble!\u00a0<\/strong><\/p>\n\n<p><strong>\u2116 59- Mercredi 25 mai 2022\u00a0<\/strong><\/p>\n\n<ul class=\"wp-block-list\">\n<li><strong>De nouvelles oeuvres artistiques rue de Biencourt !\u00a0<br \/><br \/><\/strong><\/li>\n<\/ul>\n\n<figure class=\"wp-block-image alignright size-full is-resized\"><img fetchpriority=\"high\" decoding=\"async\" class=\"wp-image-4661\" src=\"https:\/\/concertationspe.qc.ca\/wp-content\/uploads\/2022\/11\/3-3.jpg\" alt=\"\" width=\"377\" height=\"301\" srcset=\"https:\/\/concertationspe.qc.ca\/wp-content\/uploads\/2022\/11\/3-3.jpg 742w, https:\/\/concertationspe.qc.ca\/wp-content\/uploads\/2022\/11\/3-3-300x240.jpg 300w, https:\/\/concertationspe.qc.ca\/wp-content\/uploads\/2022\/11\/3-3-15x12.jpg 15w\" sizes=\"(max-width: 377px) 100vw, 377px\" \/><\/figure>\n\n<p>\u00a0Dans le cadre des initiatives citoyennes de 2021, <strong>M. Vincent Daoust<\/strong>, artiste bien connu du quartier, a r\u00e9alis\u00e9 de nouvelles oeuvres soient, un <strong>banc \u00ab Les Jaseurs \u00bb <\/strong>et un <strong>arbre m\u00e9tallique<\/strong>.\u00a0<\/p>\n\n<p>Ces oeuvres ont ensuite \u00e9t\u00e9 offertes aux partenaires du territoire. Pamela David, directrice d\u2019<strong>ACHIM, <\/strong>a rapidement lev\u00e9 la main et propos\u00e9 l\u2019espace devant la murale qui orne un des murs de l\u2019organisme coin de Biencourt et Briand pour accueillir ces oeuvres.\u00a0<\/p>\n\n<p>Voici le r\u00e9sultat, il cadre tr\u00e8s bien avec aussi bien avec la murale qu\u2019avec l\u2019am\u00e9nagement sur De Biencourt.\u00a0<br \/><br \/><\/p>\n\n<ul class=\"wp-block-list\">\n<li><strong>Pr\u00eats pour les plantations !\u00a0<br \/><br \/><\/strong><\/li>\n<\/ul>\n\n<p>\u00a0Cela fait du bien de constater toute l\u2019action dans nos rues entourant <strong>la plantation de dizaines de nouveaux arbres<\/strong>.\u00a0<\/p>\n\n<p>Ces arbres sont les bienvenus dans un quartier que l\u2019on veut plus vert et moins min\u00e9ralis\u00e9. Ils aident \u00e0 compenser pour la coupe de tous ces fr\u00eanes qui a \u00e9t\u00e9 ex\u00e9cut\u00e9e r\u00e9cemment.\u00a0<\/p>\n\n<p>Participez et profitez du <strong>programme d\u2019adoption d\u2019un carr\u00e9 d\u2019arbres <\/strong>que propose l\u2019Arrondissement.\u00a0<\/p>\n\n<p>Mettons du vert et de la couleur partout o\u00f9 cela est possible !\u00a0<\/p>\n\n<figure class=\"wp-block-gallery has-nested-images columns-default is-cropped wp-block-gallery-4 is-layout-flex wp-block-gallery-is-layout-flex\">\n<figure class=\"wp-block-image size-large\"><img decoding=\"async\" width=\"586\" height=\"439\" data-id=\"4664\" class=\"wp-image-4664\" src=\"https:\/\/concertationspe.qc.ca\/wp-content\/uploads\/2022\/11\/4-2.jpg\" alt=\"\" srcset=\"https:\/\/concertationspe.qc.ca\/wp-content\/uploads\/2022\/11\/4-2.jpg 586w, https:\/\/concertationspe.qc.ca\/wp-content\/uploads\/2022\/11\/4-2-300x225.jpg 300w, https:\/\/concertationspe.qc.ca\/wp-content\/uploads\/2022\/11\/4-2-16x12.jpg 16w\" sizes=\"(max-width: 586px) 100vw, 586px\" \/><\/figure>\n\n<figure class=\"wp-block-image size-large\"><img decoding=\"async\" width=\"546\" height=\"515\" data-id=\"4662\" class=\"wp-image-4662\" src=\"https:\/\/concertationspe.qc.ca\/wp-content\/uploads\/2022\/11\/2-1-rotated.jpg\" alt=\"\" srcset=\"https:\/\/concertationspe.qc.ca\/wp-content\/uploads\/2022\/11\/2-1-rotated.jpg 546w, https:\/\/concertationspe.qc.ca\/wp-content\/uploads\/2022\/11\/2-1-300x283.jpg 300w, https:\/\/concertationspe.qc.ca\/wp-content\/uploads\/2022\/11\/2-1-13x12.jpg 13w\" sizes=\"(max-width: 546px) 100vw, 546px\" \/><\/figure>\n\n<figure class=\"wp-block-image size-large\"><img loading=\"lazy\" decoding=\"async\" width=\"542\" height=\"553\" data-id=\"4663\" class=\"wp-image-4663\" src=\"https:\/\/concertationspe.qc.ca\/wp-content\/uploads\/2022\/11\/1-3-rotated.jpg\" alt=\"\" srcset=\"https:\/\/concertationspe.qc.ca\/wp-content\/uploads\/2022\/11\/1-3-rotated.jpg 542w, https:\/\/concertationspe.qc.ca\/wp-content\/uploads\/2022\/11\/1-3-294x300.jpg 294w, https:\/\/concertationspe.qc.ca\/wp-content\/uploads\/2022\/11\/1-3-12x12.jpg 12w\" sizes=\"(max-width: 542px) 100vw, 542px\" \/><\/figure>\n<\/figure>\n\n<p>\u00a0<\/p>\n\n<figure class=\"wp-block-image alignright size-full is-resized\"><img loading=\"lazy\" decoding=\"async\" class=\"wp-image-4665\" src=\"https:\/\/concertationspe.qc.ca\/wp-content\/uploads\/2022\/11\/5-2.jpg\" alt=\"\" width=\"257\" height=\"220\" srcset=\"https:\/\/concertationspe.qc.ca\/wp-content\/uploads\/2022\/11\/5-2.jpg 708w, https:\/\/concertationspe.qc.ca\/wp-content\/uploads\/2022\/11\/5-2-300x257.jpg 300w, https:\/\/concertationspe.qc.ca\/wp-content\/uploads\/2022\/11\/5-2-14x12.jpg 14w\" sizes=\"(max-width: 257px) 100vw, 257px\" \/><\/figure>\n\n<ul class=\"wp-block-list\">\n<li><strong>Op\u00e9ration r\u00e9ussie pour Fleurir Hadley et de Villiers !\u00a0<br \/><br \/><\/strong><\/li>\n<\/ul>\n\n<p>La 2e \u00e9dition de notre fleurissement de sections des rues Hadley et de Villiers via la distribution de jardini\u00e8res de balcons aux r\u00e9sidents s\u2019est tenue ce mardi 17 mai. Et ce fut un grand succ\u00e8s.\u00a0<\/p>\n\n<p>Un total de <strong>37 jardini\u00e8res <\/strong>a ainsi trouv\u00e9 preneurs et tr\u00f4nent maintenant sur les balcons du secteur.\u00a0<\/p>\n\n<figure class=\"wp-block-image alignleft size-full is-resized\"><img loading=\"lazy\" decoding=\"async\" class=\"wp-image-4666\" src=\"https:\/\/concertationspe.qc.ca\/wp-content\/uploads\/2022\/11\/7-2-rotated.jpg\" alt=\"\" width=\"181\" height=\"241\" srcset=\"https:\/\/concertationspe.qc.ca\/wp-content\/uploads\/2022\/11\/7-2-rotated.jpg 613w, https:\/\/concertationspe.qc.ca\/wp-content\/uploads\/2022\/11\/7-2-225x300.jpg 225w, https:\/\/concertationspe.qc.ca\/wp-content\/uploads\/2022\/11\/7-2-9x12.jpg 9w\" sizes=\"(max-width: 181px) 100vw, 181px\" \/><\/figure>\n\n<p>Certains r\u00e9sidents sont venus \u00e0 l\u2019Espace- citoyens pr\u00e9parer eux-m\u00eames leurs jardini\u00e8res, ce qui a permis de beaux \u00e9changes sur la vie du quartier. Les autres jardini\u00e8res ont \u00e9t\u00e9 distribu\u00e9es directement \u00e0 la porte.\u00a0<\/p>\n\n<p>Un grand merci \u00e0 <strong>Marie-Andr\u00e9e Leblanc<\/strong>, organisatrice communautaire du CIUSSS qui a aid\u00e9 \u00e0 la pr\u00e9paration de ces jardini\u00e8res.\u00a0<\/p>\n\n<p>Aujourd\u2019hui, c\u2019est aux r\u00e9sidents de prendre bien soin de ces fleurs !\u00a0<br \/><br \/><\/p>\n\n<p>\u00a0<\/p>\n\n<ul class=\"wp-block-list\">\n<li><strong>Une autre initiative qui embellit le quartier !\u00a0<br \/><br \/><\/strong><\/li>\n<\/ul>\n\n<figure class=\"wp-block-image alignright size-full is-resized\"><img loading=\"lazy\" decoding=\"async\" class=\"wp-image-4667\" src=\"https:\/\/concertationspe.qc.ca\/wp-content\/uploads\/2022\/11\/6-2.jpg\" alt=\"\" width=\"319\" height=\"239\" srcset=\"https:\/\/concertationspe.qc.ca\/wp-content\/uploads\/2022\/11\/6-2.jpg 949w, https:\/\/concertationspe.qc.ca\/wp-content\/uploads\/2022\/11\/6-2-300x225.jpg 300w, https:\/\/concertationspe.qc.ca\/wp-content\/uploads\/2022\/11\/6-2-768x576.jpg 768w, https:\/\/concertationspe.qc.ca\/wp-content\/uploads\/2022\/11\/6-2-16x12.jpg 16w\" sizes=\"(max-width: 319px) 100vw, 319px\" \/><\/figure>\n\n<p>Tout le monde s\u2019entend pour dire que le printemps est la p\u00e9riode id\u00e9ale pour agir et embellir notre ext\u00e9rieur. Cela a amen\u00e9 la RUI \u00e0 r\u00e9server un budget pour soutenir cette action dans le cadre des initiatives citoyennes 2022.\u00a0<\/p>\n\n<p>Des r\u00e9sidents d\u2019une ressource interm\u00e9diaire du boulevard Monk ont ainsi d\u00e9cid\u00e9 de <strong>verdir la cour arri\u00e8re du b\u00e2timent<\/strong>.\u00a0<\/p>\n\n<p>Les voici \u00e0 l\u2019oeuvre ravi.es! <strong>Merci \u00e0 Yamina <\/strong>qui a fait les contacts rendant possible cette belle action.\u00a0<\/p>\n\n<p>\u00a0<\/p>\n\n<figure class=\"wp-block-image alignright size-full is-resized\"><img loading=\"lazy\" decoding=\"async\" class=\"wp-image-4668\" src=\"https:\/\/concertationspe.qc.ca\/wp-content\/uploads\/2022\/11\/8-2.jpg\" alt=\"\" width=\"325\" height=\"210\" srcset=\"https:\/\/concertationspe.qc.ca\/wp-content\/uploads\/2022\/11\/8-2.jpg 905w, https:\/\/concertationspe.qc.ca\/wp-content\/uploads\/2022\/11\/8-2-300x194.jpg 300w, https:\/\/concertationspe.qc.ca\/wp-content\/uploads\/2022\/11\/8-2-768x496.jpg 768w, https:\/\/concertationspe.qc.ca\/wp-content\/uploads\/2022\/11\/8-2-18x12.jpg 18w\" sizes=\"(max-width: 325px) 100vw, 325px\" \/><\/figure>\n\n<ul class=\"wp-block-list\">\n<li><strong>Une centaine de nouveaux arbres pour le secteur Cabot !\u00a0<br \/><br \/><\/strong><\/li>\n<\/ul>\n\n<p>Bravo aux citoyen.nes qui ont mani\u00e9 dimanche dernier le pic et la pelle pour planter une centaine d\u2019arbres dans un sol compact du <strong>terrain situ\u00e9 \u00e0 l\u2019angle Cabot et Saint-R\u00e9mi<\/strong>! La t\u00e2che n\u2019a pas \u00e9t\u00e9 simple et la force se devait d\u2019\u00eatre l\u00e0 pour y arriver!\u00a0<\/p>\n\n<p>Ces arbres viennent augmenter le nombre d\u2019arbres qui ont \u00e9t\u00e9 plant\u00e9s l\u2019ann\u00e9e derni\u00e8re. L\u2019objectif \u00e9tant qu\u2019une mini-for\u00eat urbaine se d\u00e9veloppe et procure de la fraicheur.\u00a0<br \/>La RUI a financ\u00e9 l\u2019achat de quelques arbres. L\u2019Arrondissement du Sud-Ouest et d\u2019autres partenaires ont \u00e9galement soutenu le projet.\u00a0<\/p>\n\n<figure class=\"wp-block-gallery has-nested-images columns-default is-cropped wp-block-gallery-5 is-layout-flex wp-block-gallery-is-layout-flex\">\n<figure class=\"wp-block-image size-large\"><img loading=\"lazy\" decoding=\"async\" width=\"709\" height=\"674\" data-id=\"4669\" class=\"wp-image-4669\" src=\"https:\/\/concertationspe.qc.ca\/wp-content\/uploads\/2022\/11\/9-2.jpg\" alt=\"\" srcset=\"https:\/\/concertationspe.qc.ca\/wp-content\/uploads\/2022\/11\/9-2.jpg 709w, https:\/\/concertationspe.qc.ca\/wp-content\/uploads\/2022\/11\/9-2-300x285.jpg 300w, https:\/\/concertationspe.qc.ca\/wp-content\/uploads\/2022\/11\/9-2-13x12.jpg 13w\" sizes=\"(max-width: 709px) 100vw, 709px\" \/><\/figure>\n\n<figure class=\"wp-block-image size-large\"><img loading=\"lazy\" decoding=\"async\" width=\"1006\" height=\"613\" data-id=\"4670\" class=\"wp-image-4670\" src=\"https:\/\/concertationspe.qc.ca\/wp-content\/uploads\/2022\/11\/10-2.jpg\" alt=\"\" srcset=\"https:\/\/concertationspe.qc.ca\/wp-content\/uploads\/2022\/11\/10-2.jpg 1006w, https:\/\/concertationspe.qc.ca\/wp-content\/uploads\/2022\/11\/10-2-300x183.jpg 300w, https:\/\/concertationspe.qc.ca\/wp-content\/uploads\/2022\/11\/10-2-768x468.jpg 768w, https:\/\/concertationspe.qc.ca\/wp-content\/uploads\/2022\/11\/10-2-18x12.jpg 18w\" sizes=\"(max-width: 1006px) 100vw, 1006px\" \/><\/figure>\n<\/figure>\n\n<p>Merci \u00e0 <strong>Alex Lefran\u00e7ois-Leduc et aux citoyen.nes rassembl\u00e9.es <\/strong>pour leurs actions concr\u00e8tes qui embellissent notre quartier. Un grand merci \u00e9galement \u00e0 la dynamique \u00e9quipe d\u2019<strong>\u00c9co-quartier Sud-Ouest.\u00a0<\/strong><\/p>\n\n<p>Ce f\u00fbt une journ\u00e9e fort agr\u00e9able, les \u00e9changes avec les personnes qui connaissent le domaine font oublier les courbatures et la fatigue.\u00a0<\/p>\n\n<p>Bravo \u00e0 tous et toutes !\u00a0<\/p>\n\n<p>\u00a0<\/p>\n\n<ul class=\"wp-block-list\">\n<li><strong>Une autre plantation d\u2019agriculture urbain au parc Campbell-Ouest !\u00a0<br \/><br \/><\/strong><\/li>\n<\/ul>\n\n<p>Le 14 mai dernier <strong>une f\u00eate conviviale <\/strong>organis\u00e9e par les citoyen.nes r\u00e9uni.es par <strong>Demain Sud-Ouest <\/strong>a cl\u00f4tur\u00e9 les premi\u00e8res plantations dans les 6 bacs s\u2019y trouvant.\u00a0<\/p>\n\n<p><strong>Un spectacle de clown <\/strong>fort appr\u00e9ci\u00e9 a permis d\u2019ajouter une bonne dose de rires \u00e0 cette f\u00eate.\u00a0<\/p>\n\n<p>Nul doute que les l\u00e9gumes pousseront bien !\u00a0<\/p>\n\n<figure class=\"wp-block-gallery has-nested-images columns-default is-cropped wp-block-gallery-6 is-layout-flex wp-block-gallery-is-layout-flex\">\n<figure class=\"wp-block-image size-large\"><img loading=\"lazy\" decoding=\"async\" width=\"480\" height=\"677\" data-id=\"4673\" class=\"wp-image-4673\" src=\"https:\/\/concertationspe.qc.ca\/wp-content\/uploads\/2022\/11\/11-3.jpg\" alt=\"\" srcset=\"https:\/\/concertationspe.qc.ca\/wp-content\/uploads\/2022\/11\/11-3.jpg 480w, https:\/\/concertationspe.qc.ca\/wp-content\/uploads\/2022\/11\/11-3-213x300.jpg 213w, https:\/\/concertationspe.qc.ca\/wp-content\/uploads\/2022\/11\/11-3-9x12.jpg 9w\" sizes=\"(max-width: 480px) 100vw, 480px\" \/><\/figure>\n\n<figure class=\"wp-block-image size-large\"><img loading=\"lazy\" decoding=\"async\" width=\"785\" height=\"645\" data-id=\"4674\" class=\"wp-image-4674\" src=\"https:\/\/concertationspe.qc.ca\/wp-content\/uploads\/2022\/11\/12-3.jpg\" alt=\"\" srcset=\"https:\/\/concertationspe.qc.ca\/wp-content\/uploads\/2022\/11\/12-3.jpg 785w, https:\/\/concertationspe.qc.ca\/wp-content\/uploads\/2022\/11\/12-3-300x246.jpg 300w, https:\/\/concertationspe.qc.ca\/wp-content\/uploads\/2022\/11\/12-3-768x631.jpg 768w, https:\/\/concertationspe.qc.ca\/wp-content\/uploads\/2022\/11\/12-3-15x12.jpg 15w\" sizes=\"(max-width: 785px) 100vw, 785px\" \/><\/figure>\n<p>\u00a0<\/p>\n<\/figure>\n\n<ul class=\"wp-block-list\">\n<li><strong>R\u00e9novation du HLM Angers : la patience est de mise\u00a0<br \/><br \/><\/strong><\/li>\n<\/ul>\n\n<figure class=\"wp-block-image alignright size-large is-resized\"><img loading=\"lazy\" decoding=\"async\" class=\"wp-image-4675\" src=\"https:\/\/concertationspe.qc.ca\/wp-content\/uploads\/2022\/11\/13-1.jpg\" alt=\"\" width=\"315\" height=\"236\" srcset=\"https:\/\/concertationspe.qc.ca\/wp-content\/uploads\/2022\/11\/13-1.jpg 651w, https:\/\/concertationspe.qc.ca\/wp-content\/uploads\/2022\/11\/13-1-300x225.jpg 300w, https:\/\/concertationspe.qc.ca\/wp-content\/uploads\/2022\/11\/13-1-16x12.jpg 16w\" sizes=\"(max-width: 315px) 100vw, 315px\" \/><\/figure>\n\n<p>Les responsables de <strong>l\u2019Office municipal d\u2019habitation de Montr\u00e9al (OMHM) <\/strong>sont venus rencontrer la communaut\u00e9 de C\u00f4te Saint-Paul la semaine derni\u00e8re afin de faire le point sur l\u2019avenir du HLM Angers qui a connu un tr\u00e8s grave incendie en avril 2021.\u00a0<\/p>\n\n<p>Les professionnels.les de l\u2019OMHM ont d\u2019abord rappel\u00e9 que <strong>cet incendie avait \u00e9t\u00e9 le plus important de l\u2019histoire de l\u2019Office.\u00a0<\/strong><\/p>\n\n<p><strong>La centaine de locataires qui y vivaient ont \u00e9t\u00e9 relocalis\u00e9s <\/strong>dans d\u2019autres immeubles (40 m\u00e9nages vivent dans le Sud-Ouest, 16 \u00e0 Verdun, 7 \u00e0 Lasalle, quelques autres ailleurs sur l\u2019\u00eele alors que 5 m\u00e9nages ont \u00e9t\u00e9 dans le priv\u00e9).\u00a0<\/p>\n\n<p>Diff\u00e9rents travaux ont d\u00e9j\u00e0 \u00e9t\u00e9 men\u00e9s : le b\u00e2timent a \u00e9t\u00e9 s\u00e9curis\u00e9 et il y a notamment eu d\u00e9garnissage complet des finis int\u00e9rieurs. Le long chantier de r\u00e9habilitation du HLM construit en 1978 s\u2019amorce. Selon l\u2019\u00e9ch\u00e9ancier pr\u00e9sent\u00e9, le d\u00e9but des travaux est pr\u00e9vu \u00e0 l\u2019automne 2023 pour un chantier de 2 ans. <strong>Le retour des locataires ne devrait pas avoir lieu avant le d\u00e9but 2026.\u00a0<\/strong><\/p>\n\n<p>\u00a0<\/p>\n\n<ul class=\"wp-block-list\">\n<li><strong>Un nouvel arr\u00eat bient\u00f4t implant\u00e9 :\u00a0<br \/><br \/><\/strong><\/li>\n<\/ul>\n\n<figure class=\"wp-block-image alignright size-full is-resized\"><img loading=\"lazy\" decoding=\"async\" class=\"wp-image-4676\" src=\"https:\/\/concertationspe.qc.ca\/wp-content\/uploads\/2022\/11\/15-1.jpg\" alt=\"\" width=\"460\" height=\"226\" srcset=\"https:\/\/concertationspe.qc.ca\/wp-content\/uploads\/2022\/11\/15-1.jpg 846w, https:\/\/concertationspe.qc.ca\/wp-content\/uploads\/2022\/11\/15-1-300x148.jpg 300w, https:\/\/concertationspe.qc.ca\/wp-content\/uploads\/2022\/11\/15-1-768x378.jpg 768w, https:\/\/concertationspe.qc.ca\/wp-content\/uploads\/2022\/11\/15-1-18x9.jpg 18w\" sizes=\"(max-width: 460px) 100vw, 460px\" \/><\/figure>\n\n<p>En accord avec son objectif <strong>d\u2019apaiser la circulation dans le quartier, <\/strong>le conseil d\u2019arrondissement a d\u00e9cid\u00e9 d\u2019implanter de nouveaux arr\u00eats.\u00a0<\/p>\n\n<p><strong>L\u2019intersection Cardinal-Hadley verra donc bient\u00f4t l\u2019implantation de panneaux<\/strong>. Un r\u00e9sident que l\u2019on a rencontr\u00e9 dans le cadre du projet Fleurir Hadley nous racontait que c\u2019\u00e9tait l\u2019un de ses combats pour am\u00e9liorer la vie dans le quartier. Bravo \u00e0 la t\u00e9nacit\u00e9 citoyenne !\u00a0<\/p>\n\n<p>\u00a0<\/p>\n\n<ul class=\"wp-block-list\">\n<li><strong>Des Promenades de Jane tr\u00e8s courtis\u00e9es !\u00a0<br \/><br \/><\/strong><\/li>\n<\/ul>\n\n<figure class=\"wp-block-image alignright size-large is-resized\"><img loading=\"lazy\" decoding=\"async\" class=\"wp-image-4677\" src=\"https:\/\/concertationspe.qc.ca\/wp-content\/uploads\/2022\/11\/16-1.jpg\" alt=\"\" width=\"371\" height=\"252\" srcset=\"https:\/\/concertationspe.qc.ca\/wp-content\/uploads\/2022\/11\/16-1.jpg 903w, https:\/\/concertationspe.qc.ca\/wp-content\/uploads\/2022\/11\/16-1-300x204.jpg 300w, https:\/\/concertationspe.qc.ca\/wp-content\/uploads\/2022\/11\/16-1-768x521.jpg 768w, https:\/\/concertationspe.qc.ca\/wp-content\/uploads\/2022\/11\/16-1-18x12.jpg 18w\" sizes=\"(max-width: 371px) 100vw, 371px\" \/><\/figure>\n\n<p>Les 7 et 8 mai, nous avons offert deux marches de d\u00e9couverte du quartier sous la th\u00e9matique de \u00ab <strong>C\u00f4te Saint-Paul, d\u2019hier \u00e0 aujourd\u2019hui <\/strong>\u00bb. Une trentaine de personnes ont pris part \u00e0 cette activit\u00e9 de 2 heures qui nous a men\u00e9s du Centre Mgr Pigeon au site de l\u2019ancien garage de la Soci\u00e9t\u00e9 de transport sur Hadley avec une dizaine de points d\u2019arr\u00eat sur le circuit.\u00a0<\/p>\n\n<p>Puisque l\u2019activit\u00e9 semble bien plaire aux participants, nous l\u2019offrirons encore au cours de l\u2019\u00e9t\u00e9. <strong>Surveillez le Bulletin de la RUI pour les dates!\u00a0<\/strong><\/p>\n\n<figure class=\"wp-block-image alignright size-full is-resized\"><img loading=\"lazy\" decoding=\"async\" class=\"wp-image-4678\" src=\"https:\/\/concertationspe.qc.ca\/wp-content\/uploads\/2022\/11\/14-1.jpg\" alt=\"\" width=\"169\" height=\"227\" srcset=\"https:\/\/concertationspe.qc.ca\/wp-content\/uploads\/2022\/11\/14-1.jpg 282w, https:\/\/concertationspe.qc.ca\/wp-content\/uploads\/2022\/11\/14-1-224x300.jpg 224w, https:\/\/concertationspe.qc.ca\/wp-content\/uploads\/2022\/11\/14-1-9x12.jpg 9w\" sizes=\"(max-width: 169px) 100vw, 169px\" \/><\/figure>\n\n<p>Dans la pr\u00e9paration de ces marches, les recherches historiques ont permis d\u2019en apprendre davantage sur le nom de certaines rues. Voici les d\u00e9tails pour la rue Angers.\u00a0<\/p>\n\n<p><strong>La rue Angers <\/strong>tire son nom de <strong>Sir Auguste-R\u00e9al Angers (1839-1919)<\/strong>. Membre du parti conservateur, il fut procureur-g\u00e9n\u00e9ral du Qu\u00e9bec (1876), juge \u00e0 la Cour sup\u00e9rieure (1886), lieutenant-gouverneur du Qu\u00e9bec (1887), ministre de l\u2019Agriculture (1892) ainsi que s\u00e9nateur (1892). Pour la petite histoire, Sir Angers est surtout c\u00e9l\u00e8bre pour avoir destitu\u00e9 le Premier Ministre Honor\u00e9-Mercier lors qu\u2019il \u00e9tait lieutenant-gouverneur. Une d\u00e9cision constitutionnelle fort contest\u00e9e \u00e0 l\u2019\u00e9poque.\u00a0<\/p>\n\n<p>\u00a0<\/p>\n\n<p><strong>R\u00e9daction : Daniel Duranleau, agent de d\u00e9veloppement\u00a0<\/strong><br \/><strong>T\u00e9l. : 514 761-1665, \u2260 104; operationgalt@concertationspe.qc.ca\u00a0<\/strong><\/p>\n\t\t\t\t\t\t\t\t<\/div>\n\t\t\t\t<\/div>\n\t\t\t\t\t<\/div>\n\t\t<\/div>\n\t\t\t\t\t<\/div>\n\t\t<\/section>\n\t\t\t\t<\/div>","protected":false},"excerpt":{"rendered":"<p>B\u00e2tissons notre quartier ensemble!\u00a0 \u2116 59- Mercredi 25 mai 2022\u00a0 De nouvelles oeuvres artistiques rue de Biencourt !\u00a0 \u00a0Dans le cadre des initiatives citoyennes de 2021, M. Vincent Daoust, artiste bien connu du quartier, a r\u00e9alis\u00e9 de nouvelles oeuvres soient, un banc \u00ab Les Jaseurs \u00bb et un arbre m\u00e9tallique.\u00a0 Ces oeuvres ont ensuite \u00e9t\u00e9 [&hellip;]<\/p>\n","protected":false},"author":4,"featured_media":0,"comment_status":"closed","ping_status":"closed","sticky":false,"template":"","format":"standard","meta":{"_jetpack_memberships_contains_paid_content":false,"footnotes":""},"categories":[2],"tags":[],"class_list":["post-4659","post","type-post","status-publish","format-standard","hentry","category-actualites"],"jetpack_featured_media_url":"","jetpack_sharing_enabled":true,"_links":{"self":[{"href":"https:\/\/concertationspe.qc.ca\/en\/wp-json\/wp\/v2\/posts\/4659","targetHints":{"allow":["GET"]}}],"collection":[{"href":"https:\/\/concertationspe.qc.ca\/en\/wp-json\/wp\/v2\/posts"}],"about":[{"href":"https:\/\/concertationspe.qc.ca\/en\/wp-json\/wp\/v2\/types\/post"}],"author":[{"embeddable":true,"href":"https:\/\/concertationspe.qc.ca\/en\/wp-json\/wp\/v2\/users\/4"}],"replies":[{"embeddable":true,"href":"https:\/\/concertationspe.qc.ca\/en\/wp-json\/wp\/v2\/comments?post=4659"}],"version-history":[{"count":5,"href":"https:\/\/concertationspe.qc.ca\/en\/wp-json\/wp\/v2\/posts\/4659\/revisions"}],"predecessor-version":[{"id":4694,"href":"https:\/\/concertationspe.qc.ca\/en\/wp-json\/wp\/v2\/posts\/4659\/revisions\/4694"}],"wp:attachment":[{"href":"https:\/\/concertationspe.qc.ca\/en\/wp-json\/wp\/v2\/media?parent=4659"}],"wp:term":[{"taxonomy":"category","embeddable":true,"href":"https:\/\/concertationspe.qc.ca\/en\/wp-json\/wp\/v2\/categories?post=4659"},{"taxonomy":"post_tag","embeddable":true,"href":"https:\/\/concertationspe.qc.ca\/en\/wp-json\/wp\/v2\/tags?post=4659"}],"curies":[{"name":"wp","href":"https:\/\/api.w.org\/{rel}","templated":true}]}}