{"id":4732,"date":"2022-11-14T09:42:10","date_gmt":"2022-11-14T09:42:10","guid":{"rendered":"https:\/\/concertationspe.qc.ca\/?p=4732"},"modified":"2026-01-05T16:08:30","modified_gmt":"2026-01-05T16:08:30","slug":"nouvelles-de-la-rui-27-juin-2022","status":"publish","type":"post","link":"https:\/\/concertationspe.qc.ca\/en\/nouvelles-de-la-rui-27-juin-2022\/","title":{"rendered":"Nouvelles de la RUI\u00a0\u2013 27 juin 2022"},"content":{"rendered":"<p>B\u00e2tissons notre quartier ensemble!<\/p>\n\n\n\n<p>\u2116 61- Lundi 27 juin 2022<\/p>\n\n\n\n<ul class=\"wp-block-list\"><li><strong>La Ville acquiert un terrain pour du logement social et communautaire<\/strong><\/li><\/ul>\n\n\n\n<figure class=\"wp-block-image alignleft size-full is-resized\"><img fetchpriority=\"high\" decoding=\"async\" src=\"https:\/\/concertationspe.qc.ca\/wp-content\/uploads\/2022\/11\/2-3.jpg\" alt=\"\" class=\"wp-image-4733\" width=\"300\" height=\"252\" srcset=\"https:\/\/concertationspe.qc.ca\/wp-content\/uploads\/2022\/11\/2-3.jpg 459w, https:\/\/concertationspe.qc.ca\/wp-content\/uploads\/2022\/11\/2-3-300x252.jpg 300w, https:\/\/concertationspe.qc.ca\/wp-content\/uploads\/2022\/11\/2-3-14x12.jpg 14w\" sizes=\"(max-width: 300px) 100vw, 300px\" \/><\/figure>\n\n\n\n<p>La Ville poss\u00e8de d\u00e9j\u00e0 un terrain au 2136 avenue de l\u2019\u00c9glise (entre Hadley et Saint-Patrick). Ce terrain, relativement petit, limite le d\u00e9veloppement d\u2019un projet viable de logement social et communautaire. La Ville a donc d\u00e9cid\u00e9 d\u2019acheter la propri\u00e9t\u00e9 voisine du 2160, de l\u2019\u00c9glise. Ainsi un projet d\u2019environ 100 unit\u00e9s pourrait y \u00eatre d\u00e9velopp\u00e9 afin de r\u00e9pondre aux grands besoins de logement de la population.<br>Le d\u00e9fi \u00e0 relever est de trouver le financement.<br><br><br><\/p>\n\n\n\n<ul class=\"wp-block-list\"><li><strong>Pr\u00e9sent \u00e0 la Cyclovia !<\/strong><\/li><\/ul>\n\n\n\n<figure class=\"wp-block-image alignright size-full\"><img decoding=\"async\" width=\"252\" height=\"336\" src=\"https:\/\/concertationspe.qc.ca\/wp-content\/uploads\/2022\/11\/1-6.jpg\" alt=\"\" class=\"wp-image-4736\" srcset=\"https:\/\/concertationspe.qc.ca\/wp-content\/uploads\/2022\/11\/1-6.jpg 252w, https:\/\/concertationspe.qc.ca\/wp-content\/uploads\/2022\/11\/1-6-225x300.jpg 225w, https:\/\/concertationspe.qc.ca\/wp-content\/uploads\/2022\/11\/1-6-9x12.jpg 9w\" sizes=\"(max-width: 252px) 100vw, 252px\" \/><\/figure>\n\n\n\n<p>Concertation Ville-\u00c9mard\/C\u00f4te Saint-Paul a \u00e9t\u00e9 pr\u00e9sente et bien active ce dimanche 19 juin \u00e0 l\u2019occasion de la 1\u00e8re Cyclovia de l\u2019ann\u00e9e. Install\u00e9s devant nos nouveaux bureaux du 5940 boul. Monk, nous avons install\u00e9 2 mini-golfs, un jeu de poches et un jeu d\u2019anneaux qui n\u2019ont pas d\u00e9rougi de l\u2019apr\u00e8s-midi. Une cinquantaine de familles ont particip\u00e9 au rallye de personnages de bandes dessin\u00e9es. Notre chapiteau avec les panneaux d\u2019information sur les projets touchant le secteur de la RUI a \u00e9t\u00e9 install\u00e9 \u00e9galement. Une trentaine de personnes se sont arr\u00eat\u00e9es pour les consulter et des \u00e9changes ont suivi.<br>Pour plusieurs, apr\u00e8s des ann\u00e9es difficiles de travaux et d\u2019irritants, l\u2019optimisme est pr\u00e9sent et l\u2019avenir semble plus promoteur.<\/p>\n\n\n\n<p>Rendez-vous ce 10 juillet pour la 2e Cyclovia !<br><\/p>\n\n\n\n<figure class=\"wp-block-image aligncenter size-large\"><img decoding=\"async\" width=\"1024\" height=\"661\" src=\"https:\/\/concertationspe.qc.ca\/wp-content\/uploads\/2022\/11\/3-5-1024x661.jpg\" alt=\"\" class=\"wp-image-4737\" srcset=\"https:\/\/concertationspe.qc.ca\/wp-content\/uploads\/2022\/11\/3-5-1024x661.jpg 1024w, https:\/\/concertationspe.qc.ca\/wp-content\/uploads\/2022\/11\/3-5-300x194.jpg 300w, https:\/\/concertationspe.qc.ca\/wp-content\/uploads\/2022\/11\/3-5-768x496.jpg 768w, https:\/\/concertationspe.qc.ca\/wp-content\/uploads\/2022\/11\/3-5-18x12.jpg 18w, https:\/\/concertationspe.qc.ca\/wp-content\/uploads\/2022\/11\/3-5.jpg 1097w\" sizes=\"(max-width: 1024px) 100vw, 1024px\" \/><\/figure>\n\n\n\n<figure class=\"wp-block-image alignleft size-full is-resized\"><img loading=\"lazy\" decoding=\"async\" src=\"https:\/\/concertationspe.qc.ca\/wp-content\/uploads\/2022\/11\/4-4.jpg\" alt=\"\" class=\"wp-image-4738\" width=\"339\" height=\"176\" srcset=\"https:\/\/concertationspe.qc.ca\/wp-content\/uploads\/2022\/11\/4-4.jpg 437w, https:\/\/concertationspe.qc.ca\/wp-content\/uploads\/2022\/11\/4-4-300x156.jpg 300w, https:\/\/concertationspe.qc.ca\/wp-content\/uploads\/2022\/11\/4-4-18x9.jpg 18w\" sizes=\"(max-width: 339px) 100vw, 339px\" \/><\/figure>\n\n\n\n<p>Concernant le projet d\u2019am\u00e9nagement du vaste espace sous le viaduc entre Hadley et Saint-Patrick dont il \u00e9tait mention dans le dernier bulletin. Ci-haut le plan d\u2019am\u00e9nagement tel que pr\u00e9sent\u00e9 par la Ville afin de faire de ce site une zone d\u2019activit\u00e9s physique. Les travaux d\u2019am\u00e9nagement sont pr\u00e9vus du printemps 2023 \u00e0 l\u2019automne 2024.<\/p>\n\n\n\n<p><br><br><\/p>\n\n\n\n<figure class=\"wp-block-image alignright size-full\"><img loading=\"lazy\" decoding=\"async\" width=\"201\" height=\"201\" src=\"https:\/\/concertationspe.qc.ca\/wp-content\/uploads\/2022\/11\/5-4.jpg\" alt=\"\" class=\"wp-image-4739\" srcset=\"https:\/\/concertationspe.qc.ca\/wp-content\/uploads\/2022\/11\/5-4.jpg 201w, https:\/\/concertationspe.qc.ca\/wp-content\/uploads\/2022\/11\/5-4-150x150.jpg 150w, https:\/\/concertationspe.qc.ca\/wp-content\/uploads\/2022\/11\/5-4-12x12.jpg 12w\" sizes=\"(max-width: 201px) 100vw, 201px\" \/><\/figure>\n\n\n\n<ul class=\"wp-block-list\"><li><strong>Le march\u00e9 mobile de fruits et l\u00e9gumes est de retour !<\/strong><\/li><\/ul>\n\n\n\n<p>Le march\u00e9 mobile de fruits et l\u00e9gumes fait 2 arr\u00eats en juillet au HLM de l\u2019\u00c9glise -1980 rue Galt- : les jeudis 14 et 28 juillet de 16h \u00e0 18h. L\u2019occasion parfaite de faire des r\u00e9serves de fruits et l\u00e9gumes \u00e0 bons prix. Notez ces dates et pr\u00e9parez vos sacs !<\/p>\n\n\n\n<p><\/p>\n\n\n\n<p><br><br><\/p>\n\n\n\n<ul class=\"wp-block-list\"><li><strong>Agent(e) de mobilisation citoyenne recherch\u00e9 : un contrat de 400 heures<\/strong><\/li><\/ul>\n\n\n\n<p>Afin de mener plusieurs actions citoyennes au cours des prochains mois dans le secteur de la RUI, Concertation est \u00e0 la recherche d\u2019une dynamique personne pour un contrat de 400 heures. Cette personne doit notamment aider \u00e0 organiser deux f\u00eates de voisinage, assurer l\u2019accueil au local communautaire un matin par semaine cet automne, organiser des caf\u00e9s-citoyens, etc.<\/p>\n\n\n\n<p>Voici l\u2019offre d\u2019emploi : <strong>https:\/\/www.docdroid.net\/oNjKjP9\/agente-de-mob-citoyenne-pdf<\/strong><\/p>\n\n\n\n<p><br><\/p>\n\n\n\n<ul class=\"wp-block-list\"><li><strong>Un peu d\u2019histoire : \u00c9cole primaire Marie-de-l\u2019Incarnation<\/strong><\/li><\/ul>\n\n\n\n<figure class=\"wp-block-image alignleft size-full\"><img loading=\"lazy\" decoding=\"async\" width=\"323\" height=\"219\" src=\"https:\/\/concertationspe.qc.ca\/wp-content\/uploads\/2022\/11\/6-4.jpg\" alt=\"\" class=\"wp-image-4740\" srcset=\"https:\/\/concertationspe.qc.ca\/wp-content\/uploads\/2022\/11\/6-4.jpg 323w, https:\/\/concertationspe.qc.ca\/wp-content\/uploads\/2022\/11\/6-4-300x203.jpg 300w, https:\/\/concertationspe.qc.ca\/wp-content\/uploads\/2022\/11\/6-4-18x12.jpg 18w\" sizes=\"(max-width: 323px) 100vw, 323px\" \/><\/figure>\n\n\n\n<p>La construction de l\u2019\u00e9cole date de 1911. \u00c0 l\u2019origine, elle portait le nom de Marguerite Bourgeois, fondatrice de la Congr\u00e9gation de Notre-Dame. L\u2019\u00e9cole change toutefois de nom en 1931 pour Marie-de-l\u2019Incarnation, fondatrice des Ursulines de la Nouvelle-France afin d\u2019\u00e9viter les confusions avec d\u2019autres \u00e9coles portant le m\u00eame nom.<br>L\u2019\u00e9cole a connu 2 agrandissements, un en 1923 et l\u2019autre en 1960. Dans les documents historiques, on peut apprendre qu\u2019en septembre 1940 : il y avait 580 \u00e9l\u00e8ves r\u00e9partis en 18 classes. La fr\u00e9quentation maximale semble avoir \u00e9t\u00e9 atteinte en 1964 avec 826 \u00e9l\u00e8ves en 25 classes (moyenne de 33 \u00e9l\u00e8ves par classe!). Aujourd\u2019hui, l\u2019\u00e9cole compte environ 200 \u00e9l\u00e8ves. Les religieuses ont \u00e9t\u00e9 pr\u00e9sentes \u00e0 l\u2019\u00e9cole jusqu\u2019en 1967.<br><br><\/p>\n\n\n\n<p><strong>R\u00e9daction : Daniel Duranleau, agent de d\u00e9veloppement<br>T\u00e9l. : 514 507-7610 operationgalt@concertationspe.qc.ca<\/strong><\/p>","protected":false},"excerpt":{"rendered":"<p>B\u00e2tissons notre quartier ensemble! \u2116 61- Lundi 27 juin 2022 La Ville acquiert un terrain pour du logement social et communautaire La Ville poss\u00e8de d\u00e9j\u00e0 un terrain au 2136 avenue de l\u2019\u00c9glise (entre Hadley et Saint-Patrick). Ce terrain, relativement petit, limite le d\u00e9veloppement d\u2019un projet viable de logement social et communautaire. La Ville a donc [&hellip;]<\/p>\n","protected":false},"author":4,"featured_media":0,"comment_status":"closed","ping_status":"closed","sticky":false,"template":"","format":"standard","meta":{"_jetpack_memberships_contains_paid_content":false,"footnotes":""},"categories":[2],"tags":[],"class_list":["post-4732","post","type-post","status-publish","format-standard","hentry","category-actualites"],"jetpack_featured_media_url":"","jetpack_sharing_enabled":true,"_links":{"self":[{"href":"https:\/\/concertationspe.qc.ca\/en\/wp-json\/wp\/v2\/posts\/4732","targetHints":{"allow":["GET"]}}],"collection":[{"href":"https:\/\/concertationspe.qc.ca\/en\/wp-json\/wp\/v2\/posts"}],"about":[{"href":"https:\/\/concertationspe.qc.ca\/en\/wp-json\/wp\/v2\/types\/post"}],"author":[{"embeddable":true,"href":"https:\/\/concertationspe.qc.ca\/en\/wp-json\/wp\/v2\/users\/4"}],"replies":[{"embeddable":true,"href":"https:\/\/concertationspe.qc.ca\/en\/wp-json\/wp\/v2\/comments?post=4732"}],"version-history":[{"count":4,"href":"https:\/\/concertationspe.qc.ca\/en\/wp-json\/wp\/v2\/posts\/4732\/revisions"}],"predecessor-version":[{"id":4743,"href":"https:\/\/concertationspe.qc.ca\/en\/wp-json\/wp\/v2\/posts\/4732\/revisions\/4743"}],"wp:attachment":[{"href":"https:\/\/concertationspe.qc.ca\/en\/wp-json\/wp\/v2\/media?parent=4732"}],"wp:term":[{"taxonomy":"category","embeddable":true,"href":"https:\/\/concertationspe.qc.ca\/en\/wp-json\/wp\/v2\/categories?post=4732"},{"taxonomy":"post_tag","embeddable":true,"href":"https:\/\/concertationspe.qc.ca\/en\/wp-json\/wp\/v2\/tags?post=4732"}],"curies":[{"name":"wp","href":"https:\/\/api.w.org\/{rel}","templated":true}]}}