{"id":4839,"date":"2022-11-14T10:59:32","date_gmt":"2022-11-14T10:59:32","guid":{"rendered":"https:\/\/concertationspe.qc.ca\/?p=4839"},"modified":"2026-01-05T16:08:30","modified_gmt":"2026-01-05T16:08:30","slug":"nouvelles-de-la-rui-22-septembre-2022","status":"publish","type":"post","link":"https:\/\/concertationspe.qc.ca\/en\/nouvelles-de-la-rui-22-septembre-2022\/","title":{"rendered":"Nouvelles de la RUI\u00a0\u2013 22 septembre 2022"},"content":{"rendered":"<div data-elementor-type=\"wp-post\" data-elementor-id=\"4839\" class=\"elementor elementor-4839\" data-elementor-post-type=\"post\">\n\t\t\t\t\t\t<section class=\"elementor-section elementor-top-section elementor-element elementor-element-46e84b95 elementor-section-boxed elementor-section-height-default elementor-section-height-default\" data-id=\"46e84b95\" data-element_type=\"section\" data-e-type=\"section\">\n\t\t\t\t\t\t<div class=\"elementor-container elementor-column-gap-default\">\n\t\t\t\t\t<div class=\"elementor-column elementor-col-100 elementor-top-column elementor-element elementor-element-5f7e2a6c\" data-id=\"5f7e2a6c\" data-element_type=\"column\" data-e-type=\"column\">\n\t\t\t<div class=\"elementor-widget-wrap elementor-element-populated\">\n\t\t\t\t\t\t<div class=\"elementor-element elementor-element-d30095e elementor-widget elementor-widget-text-editor\" data-id=\"d30095e\" data-element_type=\"widget\" data-e-type=\"widget\" data-widget_type=\"text-editor.default\">\n\t\t\t\t<div class=\"elementor-widget-container\">\n\t\t\t\t\t\t\t\t\t\n<p>B\u00e2tissons notre quartier ensemble !\u00a0<\/p>\n\n<p>\u2116 65 Jeudi 22 septembre 2022\u00a0<\/p>\n\n<p>\u00a0<\/p>\n\n<ul class=\"wp-block-list\">\n<li><strong>Autre mouvement sur l\u2019avenue de l\u2019\u00c9glise<br \/><br \/><\/strong><\/li>\n<\/ul>\n\n<figure class=\"wp-block-image alignleft size-full is-resized\"><img fetchpriority=\"high\" decoding=\"async\" class=\"wp-image-4840\" src=\"https:\/\/concertationspe.qc.ca\/wp-content\/uploads\/2022\/11\/1-10-rotated.jpg\" alt=\"\" width=\"223\" height=\"298\" srcset=\"https:\/\/concertationspe.qc.ca\/wp-content\/uploads\/2022\/11\/1-10-rotated.jpg 459w, https:\/\/concertationspe.qc.ca\/wp-content\/uploads\/2022\/11\/1-10-225x300.jpg 225w, https:\/\/concertationspe.qc.ca\/wp-content\/uploads\/2022\/11\/1-10-9x12.jpg 9w\" sizes=\"(max-width: 223px) 100vw, 223px\" \/><\/figure>\n\n<p>\u00a0En plus de la construction de 17 logements qui vient d\u2019\u00eatre entreprise dans ce secteur, <strong>la transformation du b\u00e2timent bleu <\/strong>vient d\u2019\u00eatre autoris\u00e9e par le conseil d\u2019arrondissement.\u00a0<\/p>\n\n<p><strong>Un 3<\/strong><strong>e <\/strong><strong>\u00e9tage accueillant des espaces de bureaux y sera construit. <\/strong>Cette s\u00e9rie de b\u00e2timents pr\u00e8s de Saint-Patrick laisse \u00e0 d\u00e9sirer, aussi cet investissement est une bonne nouvelle.\u00a0<\/p>\n\n<figure class=\"wp-block-image alignright size-full is-resized\"><img decoding=\"async\" class=\"wp-image-4841\" src=\"https:\/\/concertationspe.qc.ca\/wp-content\/uploads\/2022\/11\/4-9.jpg\" alt=\"\" width=\"309\" height=\"231\" srcset=\"https:\/\/concertationspe.qc.ca\/wp-content\/uploads\/2022\/11\/4-9.jpg 699w, https:\/\/concertationspe.qc.ca\/wp-content\/uploads\/2022\/11\/4-9-300x224.jpg 300w, https:\/\/concertationspe.qc.ca\/wp-content\/uploads\/2022\/11\/4-9-16x12.jpg 16w\" sizes=\"(max-width: 309px) 100vw, 309px\" \/><\/figure>\n\n<p>De plus, <strong>l\u2019Atelier Olympia<\/strong>, un nouveau commerce de <strong>ventes et r\u00e9parations de v\u00e9lo <\/strong>vient d\u2019ouvrir au rez-de-chauss\u00e9e. Un emplacement strat\u00e9gique puisqu\u2019il est pr\u00e8s de la piste cyclable du Canal de Lachine.\u00a0<\/p>\n\n<p>Un peu plus au sud, une enseigne sur la vitre pr\u00e8s de la rue Hadley indique qu\u2019<strong>une friperie devrait s\u2019y installer<\/strong>.\u00a0Tout cela, alors que cette portion de l\u2019avenue vient de recevoir une toute <strong>nouvelle couche d\u2019asphalte<\/strong>. Cela aide s\u00fbrement \u00e0 r\u00e9duire les bruits de la circulation.\u00a0<\/p>\n\n<p>Bref cela bouge dans le secteur !\u00a0<\/p>\n\n<figure class=\"wp-block-gallery has-nested-images columns-default is-cropped wp-block-gallery-3 is-layout-flex wp-block-gallery-is-layout-flex\">\n<figure class=\"wp-block-image size-large\"><img decoding=\"async\" width=\"768\" height=\"492\" class=\"wp-image-4842\" src=\"https:\/\/concertationspe.qc.ca\/wp-content\/uploads\/2022\/11\/2-7.jpg\" alt=\"\" srcset=\"https:\/\/concertationspe.qc.ca\/wp-content\/uploads\/2022\/11\/2-7.jpg 768w, https:\/\/concertationspe.qc.ca\/wp-content\/uploads\/2022\/11\/2-7-300x192.jpg 300w, https:\/\/concertationspe.qc.ca\/wp-content\/uploads\/2022\/11\/2-7-18x12.jpg 18w\" sizes=\"(max-width: 768px) 100vw, 768px\" \/><\/figure>\n<figure class=\"wp-block-image size-large\"><img loading=\"lazy\" decoding=\"async\" width=\"666\" height=\"500\" class=\"wp-image-4843\" src=\"https:\/\/concertationspe.qc.ca\/wp-content\/uploads\/2022\/11\/3-9.jpg\" alt=\"\" srcset=\"https:\/\/concertationspe.qc.ca\/wp-content\/uploads\/2022\/11\/3-9.jpg 666w, https:\/\/concertationspe.qc.ca\/wp-content\/uploads\/2022\/11\/3-9-300x225.jpg 300w, https:\/\/concertationspe.qc.ca\/wp-content\/uploads\/2022\/11\/3-9-16x12.jpg 16w\" sizes=\"(max-width: 666px) 100vw, 666px\" \/><\/figure>\n<\/figure>\n<p>\u00a0<\/p>\n\n<ul class=\"wp-block-list\">\n<li><strong>Les travaux de la pergola sont lanc\u00e9s !\u00a0<br \/><br \/><\/strong><\/li>\n<\/ul>\n\n<p>L\u2019am\u00e9nagement d\u2019une pergola sur la terrasse du chalet du parc De La V\u00e9rendrye est lanc\u00e9. D\u2019ici quelques semaines, cet espace sera ad\u00e9quatement prot\u00e9g\u00e9 des al\u00e9as de la m\u00e9t\u00e9o et deviendra un agr\u00e9able lieu de rencontre.\u00a0<\/p>\n\n<figure class=\"wp-block-gallery has-nested-images columns-default is-cropped wp-block-gallery-4 is-layout-flex wp-block-gallery-is-layout-flex\">\n<figure class=\"wp-block-image size-large\"><img loading=\"lazy\" decoding=\"async\" width=\"827\" height=\"500\" class=\"wp-image-4844\" src=\"https:\/\/concertationspe.qc.ca\/wp-content\/uploads\/2022\/11\/5-9-rotated.jpg\" alt=\"\" srcset=\"https:\/\/concertationspe.qc.ca\/wp-content\/uploads\/2022\/11\/5-9-rotated.jpg 827w, https:\/\/concertationspe.qc.ca\/wp-content\/uploads\/2022\/11\/5-9-300x181.jpg 300w, https:\/\/concertationspe.qc.ca\/wp-content\/uploads\/2022\/11\/5-9-768x464.jpg 768w, https:\/\/concertationspe.qc.ca\/wp-content\/uploads\/2022\/11\/5-9-18x12.jpg 18w\" sizes=\"(max-width: 827px) 100vw, 827px\" \/><\/figure>\n<figure class=\"wp-block-image size-large\"><img loading=\"lazy\" decoding=\"async\" width=\"977\" height=\"664\" class=\"wp-image-4845\" src=\"https:\/\/concertationspe.qc.ca\/wp-content\/uploads\/2022\/11\/7-7.jpg\" alt=\"\" srcset=\"https:\/\/concertationspe.qc.ca\/wp-content\/uploads\/2022\/11\/7-7.jpg 977w, https:\/\/concertationspe.qc.ca\/wp-content\/uploads\/2022\/11\/7-7-300x204.jpg 300w, https:\/\/concertationspe.qc.ca\/wp-content\/uploads\/2022\/11\/7-7-768x522.jpg 768w, https:\/\/concertationspe.qc.ca\/wp-content\/uploads\/2022\/11\/7-7-18x12.jpg 18w\" sizes=\"(max-width: 977px) 100vw, 977px\" \/><\/figure>\n<\/figure>\n<p>\u00a0<\/p>\n\n<ul class=\"wp-block-list\">\n<li><strong>Le Corridor \u00e9cologique du Grand Sud-Ouest prend forme\u00a0<br \/><br \/><\/strong><\/li>\n<\/ul>\n\n<p>Vous avez probablement vu les \u00ab buttes \u00bb qui ont \u00e9t\u00e9 cr\u00e9\u00e9es au parc De La V\u00e9rendrye et pr\u00e8s du m\u00e9tro Jolicoeur.\u00a0<\/p>\n\n<figure class=\"wp-block-image alignleft size-full is-resized\"><img loading=\"lazy\" decoding=\"async\" class=\"wp-image-4846\" src=\"https:\/\/concertationspe.qc.ca\/wp-content\/uploads\/2022\/11\/6-10-rotated.jpg\" alt=\"\" width=\"342\" height=\"255\" srcset=\"https:\/\/concertationspe.qc.ca\/wp-content\/uploads\/2022\/11\/6-10-rotated.jpg 911w, https:\/\/concertationspe.qc.ca\/wp-content\/uploads\/2022\/11\/6-10-300x225.jpg 300w, https:\/\/concertationspe.qc.ca\/wp-content\/uploads\/2022\/11\/6-10-768x575.jpg 768w, https:\/\/concertationspe.qc.ca\/wp-content\/uploads\/2022\/11\/6-10-16x12.jpg 16w\" sizes=\"(max-width: 342px) 100vw, 342px\" \/><\/figure>\n\n<p>Ces monticules vont \u00eatre <strong>des ilots de biodiversit\u00e9. <\/strong>Des arbres, des arbustes et des jardins pollinisateurs y seront plant\u00e9s. On veut ainsi cr\u00e9er des <strong>conditions favorables au d\u00e9placement et \u00e0 la survie <\/strong>d\u2019insectes et d\u2019oiseaux en milieu urbain.\u00a0<\/p>\n\n<p>L\u2019Arrondissement cro\u00eet que les diff\u00e9rentes <strong>esp\u00e8ces v\u00e9g\u00e9tales indig\u00e8nes choisies <\/strong>vont offrir un inventaire nutritif vari\u00e9 et prolong\u00e9 pour les invert\u00e9br\u00e9s essentiels \u00e0 la sant\u00e9 et \u00e0 la r\u00e9silience des \u00e9cosyst\u00e8mes.\u00a0<\/p>\n\n<p>Ces travaux sont la premi\u00e8re phase de ce projet fort int\u00e9ressant. Une seconde phase est \u00e0 r\u00e9aliser l\u2019an prochain dans les parcs de Ville-\u00c9mard.\u00a0<br \/>\u00c0 terme, ce corridor \u00e9cologique relie le parc des Rapides \u00e0 Lasalle \u00e0 la falaise Saint-Jacques.\u00a0<\/p>\n<p>\u00a0<\/p>\n\n<ul class=\"wp-block-list\">\n<li><strong>\u00ab Notre \u00bb Jardin des Papillons a belle allure\u00a0<br \/><br \/><\/strong><\/li>\n<\/ul>\n\n<figure class=\"wp-block-image alignright size-full is-resized\"><img loading=\"lazy\" decoding=\"async\" class=\"wp-image-4847\" src=\"https:\/\/concertationspe.qc.ca\/wp-content\/uploads\/2022\/11\/9-7.jpg\" alt=\"\" width=\"280\" height=\"210\" srcset=\"https:\/\/concertationspe.qc.ca\/wp-content\/uploads\/2022\/11\/9-7.jpg 757w, https:\/\/concertationspe.qc.ca\/wp-content\/uploads\/2022\/11\/9-7-300x225.jpg 300w, https:\/\/concertationspe.qc.ca\/wp-content\/uploads\/2022\/11\/9-7-16x12.jpg 16w\" sizes=\"(max-width: 280px) 100vw, 280px\" \/><\/figure>\n\n<p>Dans le cadre du budget de la RUI en <strong>soutien aux initiatives citoyennes<\/strong>, un beau jardin de plantes indig\u00e8nes a \u00e9t\u00e9 am\u00e9nag\u00e9 pour les papillons devant le presbyt\u00e8re Saint-Paul.\u00a0<\/p>\n\n<p>Le travail de plantation a \u00e9t\u00e9 ardu compte tenu de la duret\u00e9 du sol, mais les grands efforts de la citoyenne \u00e0 l\u2019origine du projet et des autres jardiniers portent fruit.\u00a0<\/p>\n\n<p>Bref <strong>un plaisir pour les papillons et pour nos yeux !\u00a0<\/strong><\/p>\n<p>\u00a0<\/p>\n\n<ul class=\"wp-block-list\">\n<li><strong>De belles couleurs pour le jardin \u00c9galiterre\u00a0<br \/><br \/><\/strong><\/li>\n<\/ul>\n\n<figure class=\"wp-block-image alignleft size-full is-resized\"><img loading=\"lazy\" decoding=\"async\" class=\"wp-image-4848\" src=\"https:\/\/concertationspe.qc.ca\/wp-content\/uploads\/2022\/11\/8-8-rotated.jpg\" alt=\"\" width=\"172\" height=\"229\" srcset=\"https:\/\/concertationspe.qc.ca\/wp-content\/uploads\/2022\/11\/8-8-rotated.jpg 584w, https:\/\/concertationspe.qc.ca\/wp-content\/uploads\/2022\/11\/8-8-225x300.jpg 225w, https:\/\/concertationspe.qc.ca\/wp-content\/uploads\/2022\/11\/8-8-9x12.jpg 9w\" sizes=\"(max-width: 172px) 100vw, 172px\" \/><\/figure>\n\n<p>L\u2019arriv\u00e9e de l\u2019automne s\u2019accompagne de belles couleurs au jardin \u00c9galiterre notamment avec ces grands tournesols. Une vraie oasis en milieu urbain.\u00a0<\/p>\n\n<p><strong>Une sympathique f\u00eate est pr\u00e9vue le 1<\/strong><strong>er <\/strong><strong>octobre <\/strong>pour c\u00e9l\u00e9brer cette belle saison des r\u00e9coltes.\u00a0<\/p>\n\n<p>Bravo \u00e0 Anna du Groupe Pro-Vert qui dirige le tout avec grande comp\u00e9tence.\u00a0<\/p>\n<p>\u00a0<\/p>\n<p>\u00a0<\/p>\n\n<figure class=\"wp-block-image alignright size-full is-resized\"><img loading=\"lazy\" decoding=\"async\" class=\"wp-image-4849\" src=\"https:\/\/concertationspe.qc.ca\/wp-content\/uploads\/2022\/11\/10-7-rotated.jpg\" alt=\"\" width=\"173\" height=\"231\" srcset=\"https:\/\/concertationspe.qc.ca\/wp-content\/uploads\/2022\/11\/10-7-rotated.jpg 565w, https:\/\/concertationspe.qc.ca\/wp-content\/uploads\/2022\/11\/10-7-225x300.jpg 225w, https:\/\/concertationspe.qc.ca\/wp-content\/uploads\/2022\/11\/10-7-9x12.jpg 9w\" sizes=\"(max-width: 173px) 100vw, 173px\" \/><\/figure>\n\n<ul class=\"wp-block-list\">\n<li><strong>Les ruelles vertes embellissent le quartier\u00a0<br \/><br \/><\/strong><\/li>\n<\/ul>\n\n<p>L\u2019am\u00e9nagement de nouvelles ruelles vertes contribue grandement \u00e0 verdir le territoire de la RUI. En effet, un <strong>nouveau sentier a \u00e9t\u00e9 am\u00e9nag\u00e9 au nord de la rue Hadley<\/strong>, comme le montre la photo ci-contre.\u00a0<\/p>\n\n<p>L\u2019\u00e9lan pour un quartier vert est vraiment lanc\u00e9 et c\u2019est tant mieux !\u00a0<\/p>\n\n<p>\u00a0<\/p>\n\n<ul class=\"wp-block-list\">\n<li><strong>Une mobilisation pour la Dalle-Parc<br \/><br \/><\/strong><\/li>\n<\/ul>\n\n<figure class=\"wp-block-image size-large\"><img loading=\"lazy\" decoding=\"async\" width=\"1024\" height=\"473\" class=\"wp-image-4850\" src=\"https:\/\/concertationspe.qc.ca\/wp-content\/uploads\/2022\/11\/11-8-1024x473.jpg\" alt=\"\" srcset=\"https:\/\/concertationspe.qc.ca\/wp-content\/uploads\/2022\/11\/11-8-1024x473.jpg 1024w, https:\/\/concertationspe.qc.ca\/wp-content\/uploads\/2022\/11\/11-8-300x139.jpg 300w, https:\/\/concertationspe.qc.ca\/wp-content\/uploads\/2022\/11\/11-8-768x355.jpg 768w, https:\/\/concertationspe.qc.ca\/wp-content\/uploads\/2022\/11\/11-8-18x8.jpg 18w, https:\/\/concertationspe.qc.ca\/wp-content\/uploads\/2022\/11\/11-8-rotated.jpg 1294w\" sizes=\"(max-width: 1024px) 100vw, 1024px\" \/><\/figure>\n\n<p>Ce n\u2019est peut-\u00eatre pas directement sur le territoire de la RUI mais le projet de <strong>la Dalle-Parc<\/strong>, s\u2019il se r\u00e9alise enfin, va avoir des cons\u00e9quences positives sur le quartier puisqu\u2019il va <strong>favoriser les connections inter-quartiers.\u00a0<\/strong><\/p>\n\n<p>Samedi dernier, Concertation a particip\u00e9 \u00e0 une action de mobilisation au pied de la Falaise Saint-Jacques afin de demander, encore une fois<strong>, la r\u00e9alisation de ce projet de couloir pi\u00e9tonnier et cycliste au-dessus de l\u2019autoroute. <\/strong>Il va permettre de relier de mani\u00e8re s\u00e9curitaire Ville-\u00c9mard C\u00f4te Saint-Paul au quartier de Notre-Dame de Gr\u00e2ces. Le Minist\u00e8re des Transports se tra\u00eene les pieds dans ce projet.\u00a0<\/p>\n\n<p>Lors de <strong>l\u2019assembl\u00e9e \u00e9lectorale citoyenne <\/strong>organis\u00e9e par Concertation lundi dernier, M. Arteau des Amis du parc Angrignon a interpell\u00e9 les candidat.es quant \u00e0 leur position sur ce dossier. Tous.tes ont indiqu\u00e9 leur plein accord \u00e0 sa r\u00e9alisation. Celle du candidat de la CAQ demeure inconnue puisqu\u2019il a \u00e9t\u00e9 absent \u00e0 cette assembl\u00e9e. Un dossier \u00e0 suivre.<\/p>\n<p>\u00a0<\/p>\n\n<ul class=\"wp-block-list\">\n<li><strong>Le projet de la Fondation Yvon-Lamarre avance\u00a0<br \/><br \/><\/strong><\/li>\n<\/ul>\n\n<figure class=\"wp-block-image alignright size-full is-resized\"><img loading=\"lazy\" decoding=\"async\" class=\"wp-image-4851\" src=\"https:\/\/concertationspe.qc.ca\/wp-content\/uploads\/2022\/11\/12-8.jpg\" alt=\"\" width=\"292\" height=\"62\" srcset=\"https:\/\/concertationspe.qc.ca\/wp-content\/uploads\/2022\/11\/12-8.jpg 657w, https:\/\/concertationspe.qc.ca\/wp-content\/uploads\/2022\/11\/12-8-300x64.jpg 300w, https:\/\/concertationspe.qc.ca\/wp-content\/uploads\/2022\/11\/12-8-18x4.jpg 18w\" sizes=\"(max-width: 292px) 100vw, 292px\" \/><\/figure>\n\n<p>La Fondation Yvon-Lamarre d\u00e9j\u00e0 bien active dans le Sud-Ouest d\u00e9veloppe un nouveau projet pour <strong>l\u2019accueil d\u2019adultes avec un trouble du spectre de l\u2019autisme <\/strong>dans la partie sud du territoire de la RUI.\u00a0<\/p>\n\n<p>Le projet, situ\u00e9 pr\u00e8s de l\u2019\u00e9glise Coeur-Immacul\u00e9e de Marie consiste \u00e0 construire un <strong>nouveau b\u00e2timent <\/strong>en L qui comprend 16 chambres pour les r\u00e9sidents, des espaces communs ainsi qu\u2019un centre d\u2019activit\u00e9s de jour. Ce projet innovateur vient r\u00e9pondre \u00e0 une tr\u00e8s grande demande de services adapt\u00e9s pour ce groupe de la population.\u00a0<\/p>\n\n<p>Le conseil d\u2019arrondissement du Sud-Ouest a adapt\u00e9 une r\u00e9solution avec certains \u00e9l\u00e9ments r\u00e8glementaires permettant l\u2019avanc\u00e9e du projet.\u00a0<\/p>\n<p>\u00a0<\/p>\n\n<p><strong>R\u00e9daction : Daniel Duranleau 514 507-7610 <\/strong><br \/><strong>operationgalt@concertationspe.qc.ca\u00a0<\/strong><\/p>\n\n<p>\u00a0<\/p>\n\t\t\t\t\t\t\t\t<\/div>\n\t\t\t\t<\/div>\n\t\t\t\t\t<\/div>\n\t\t<\/div>\n\t\t\t\t\t<\/div>\n\t\t<\/section>\n\t\t\t\t<\/div>","protected":false},"excerpt":{"rendered":"<p>B\u00e2tissons notre quartier ensemble !\u00a0 \u2116 65 Jeudi 22 septembre 2022\u00a0 \u00a0 Autre mouvement sur l\u2019avenue de l\u2019\u00c9glise \u00a0En plus de la construction de 17 logements qui vient d\u2019\u00eatre entreprise dans ce secteur, la transformation du b\u00e2timent bleu vient d\u2019\u00eatre autoris\u00e9e par le conseil d\u2019arrondissement.\u00a0 Un 3e \u00e9tage accueillant des espaces de bureaux y sera [&hellip;]<\/p>\n","protected":false},"author":4,"featured_media":0,"comment_status":"closed","ping_status":"closed","sticky":false,"template":"","format":"standard","meta":{"_jetpack_memberships_contains_paid_content":false,"footnotes":""},"categories":[2],"tags":[],"class_list":["post-4839","post","type-post","status-publish","format-standard","hentry","category-actualites"],"jetpack_featured_media_url":"","jetpack_sharing_enabled":true,"_links":{"self":[{"href":"https:\/\/concertationspe.qc.ca\/en\/wp-json\/wp\/v2\/posts\/4839","targetHints":{"allow":["GET"]}}],"collection":[{"href":"https:\/\/concertationspe.qc.ca\/en\/wp-json\/wp\/v2\/posts"}],"about":[{"href":"https:\/\/concertationspe.qc.ca\/en\/wp-json\/wp\/v2\/types\/post"}],"author":[{"embeddable":true,"href":"https:\/\/concertationspe.qc.ca\/en\/wp-json\/wp\/v2\/users\/4"}],"replies":[{"embeddable":true,"href":"https:\/\/concertationspe.qc.ca\/en\/wp-json\/wp\/v2\/comments?post=4839"}],"version-history":[{"count":5,"href":"https:\/\/concertationspe.qc.ca\/en\/wp-json\/wp\/v2\/posts\/4839\/revisions"}],"predecessor-version":[{"id":4870,"href":"https:\/\/concertationspe.qc.ca\/en\/wp-json\/wp\/v2\/posts\/4839\/revisions\/4870"}],"wp:attachment":[{"href":"https:\/\/concertationspe.qc.ca\/en\/wp-json\/wp\/v2\/media?parent=4839"}],"wp:term":[{"taxonomy":"category","embeddable":true,"href":"https:\/\/concertationspe.qc.ca\/en\/wp-json\/wp\/v2\/categories?post=4839"},{"taxonomy":"post_tag","embeddable":true,"href":"https:\/\/concertationspe.qc.ca\/en\/wp-json\/wp\/v2\/tags?post=4839"}],"curies":[{"name":"wp","href":"https:\/\/api.w.org\/{rel}","templated":true}]}}