{"id":6195,"date":"2024-12-04T00:48:00","date_gmt":"2024-12-04T00:48:00","guid":{"rendered":"https:\/\/concertationspe.qc.ca\/?p=6195"},"modified":"2026-01-05T16:06:44","modified_gmt":"2026-01-05T16:06:44","slug":"retour-sur-lactivite-conte-musical","status":"publish","type":"post","link":"https:\/\/concertationspe.qc.ca\/en\/retour-sur-lactivite-conte-musical\/","title":{"rendered":"Partage entre petits et grands"},"content":{"rendered":"<div data-elementor-type=\"wp-post\" data-elementor-id=\"6195\" class=\"elementor elementor-6195\" data-elementor-post-type=\"post\">\n\t\t\t\t\t\t<section class=\"elementor-section elementor-top-section elementor-element elementor-element-80776a4 elementor-section-boxed elementor-section-height-default elementor-section-height-default\" data-id=\"80776a4\" data-element_type=\"section\" data-e-type=\"section\">\n\t\t\t\t\t\t<div class=\"elementor-container elementor-column-gap-default\">\n\t\t\t\t\t<div class=\"elementor-column elementor-col-100 elementor-top-column elementor-element elementor-element-3bcacc6\" data-id=\"3bcacc6\" data-element_type=\"column\" data-e-type=\"column\">\n\t\t\t<div class=\"elementor-widget-wrap elementor-element-populated\">\n\t\t\t\t\t\t<div class=\"elementor-element elementor-element-a233c5f elementor-widget elementor-widget-text-editor\" data-id=\"a233c5f\" data-element_type=\"widget\" data-e-type=\"widget\" data-widget_type=\"text-editor.default\">\n\t\t\t\t<div class=\"elementor-widget-container\">\n\t\t\t\t\t\t\t\t\t<p><span class=\"TextRun SCXW263557284 BCX8\" lang=\"FR-FR\" xml:lang=\"FR-FR\" data-contrast=\"auto\"><strong><span class=\"NormalTextRun SCXW263557284 BCX8\">Le 23 novembre 2024, le comit\u00e9 Famille\/Petite-Enfance a eu le plaisir d\u2019<\/span><\/strong><span class=\"NormalTextRun SCXW263557284 BCX8\"><strong>organiser un conte musical dans le cadre de la Grande Semaine des Tout-Petits.<\/strong>\u00a0<\/span><\/span><\/p><p><span class=\"EOP SCXW263557284 BCX8\" data-ccp-props=\"{}\"><span class=\"TextRun SCXW204291066 BCX8\" lang=\"FR-FR\" xml:lang=\"FR-FR\" data-contrast=\"auto\"><span class=\"NormalTextRun SCXW204291066 BCX8\">Le th\u00e8me de cette ann\u00e9e \u00e9tait :\u00a0<\/span><\/span><span class=\"TextRun SCXW204291066 BCX8\" lang=\"FR-FR\" xml:lang=\"FR-FR\" data-contrast=\"auto\"><span class=\"NormalTextRun SCXW204291066 BCX8\">Ensemble, pour l\u2019\u00e9galit\u00e9 des chances dans tous les milieux, pour que chaque tout-petit s\u2019\u00e9panouisse pleinement.\u00a0<\/span><\/span><\/span><span style=\"background-color: var( --e-global-color-68319a9 );\">L\u2019atelier a rempli l&rsquo;un des objectifs essentiels du comit\u00e9, \u00e0 savoir l\u2019\u00e9veil \u00e0 la lecture, en mettant en lumi\u00e8re l&rsquo;importance de la lecture d\u00e8s le plus jeune \u00e2ge.<\/span><span style=\"background-color: var( --e-global-color-68319a9 );\">\u00a0<\/span><\/p><p class=\"MsoNormal\">Les Pascalianne ont offert un magnifique spectacle. De nombreuses r\u00e9actions ont \u00e9merg\u00e9 du public du jour : danses, rires, cris.\u00a0<\/p>\t\t\t\t\t\t\t\t<\/div>\n\t\t\t\t<\/div>\n\t\t\t\t<div class=\"elementor-element elementor-element-f61c546 elementor-widget elementor-widget-image\" data-id=\"f61c546\" data-element_type=\"widget\" data-e-type=\"widget\" data-widget_type=\"image.default\">\n\t\t\t\t<div class=\"elementor-widget-container\">\n\t\t\t\t\t\t\t\t\t\t\t\t\t\t\t<img fetchpriority=\"high\" decoding=\"async\" width=\"800\" height=\"578\" src=\"https:\/\/concertationspe.qc.ca\/wp-content\/uploads\/2024\/12\/Conte.png\" class=\"attachment-large size-large wp-image-6208\" alt=\"Grande Semaine des Tout-Petits\" srcset=\"https:\/\/concertationspe.qc.ca\/wp-content\/uploads\/2024\/12\/Conte.png 864w, https:\/\/concertationspe.qc.ca\/wp-content\/uploads\/2024\/12\/Conte-300x217.png 300w, https:\/\/concertationspe.qc.ca\/wp-content\/uploads\/2024\/12\/Conte-768x555.png 768w, https:\/\/concertationspe.qc.ca\/wp-content\/uploads\/2024\/12\/Conte-18x12.png 18w\" sizes=\"(max-width: 800px) 100vw, 800px\" \/>\t\t\t\t\t\t\t\t\t\t\t\t\t\t\t<\/div>\n\t\t\t\t<\/div>\n\t\t\t\t<div class=\"elementor-element elementor-element-bbd750e elementor-widget elementor-widget-text-editor\" data-id=\"bbd750e\" data-element_type=\"widget\" data-e-type=\"widget\" data-widget_type=\"text-editor.default\">\n\t\t\t\t<div class=\"elementor-widget-container\">\n\t\t\t\t\t\t\t\t\t<p><strong>Un moment de convivialit\u00e9 et de partage<\/strong><\/p><p>Pour rendre cet \u00e9v\u00e9nement encore plus agr\u00e9able, une collation a \u00e9t\u00e9 servie. De plus, des kiosques d\u2019information ont inform\u00e9 les parents sur les ressources du quartier et sur les outils favorisant l\u2019\u00e9panouissement de leurs enfants. Pour couronner le tout, un tirage de participation a offert la chance \u00e0 certains de repartir avec des surprises.<\/p><p><strong>Une murale de monstres inspir\u00e9e par \u00c9lise Gravel<\/strong><\/p><p>Les enfants ont particip\u00e9 \u00e0 la cr\u00e9ation collective d&rsquo;une murale de monstres, un clin d&rsquo;\u0153il au livre d&rsquo;\u00c9lise Gravel. Une \u0153uvre qui enseigne que m\u00eame si nous sommes tous diff\u00e9rents, nous sommes en r\u00e9alit\u00e9 plus similaires que nous ne voulons bien l\u2019admettre.\u00a0<\/p>\t\t\t\t\t\t\t\t<\/div>\n\t\t\t\t<\/div>\n\t\t\t\t<div class=\"elementor-element elementor-element-99a41cf elementor-widget elementor-widget-image\" data-id=\"99a41cf\" data-element_type=\"widget\" data-e-type=\"widget\" data-widget_type=\"image.default\">\n\t\t\t\t<div class=\"elementor-widget-container\">\n\t\t\t\t\t\t\t\t\t\t\t\t\t\t\t<img decoding=\"async\" width=\"800\" height=\"578\" src=\"https:\/\/concertationspe.qc.ca\/wp-content\/uploads\/2024\/12\/Monstres.png\" class=\"attachment-large size-large wp-image-6209\" alt=\"Grande Semaine des Tout-Petits\" srcset=\"https:\/\/concertationspe.qc.ca\/wp-content\/uploads\/2024\/12\/Monstres.png 864w, https:\/\/concertationspe.qc.ca\/wp-content\/uploads\/2024\/12\/Monstres-300x217.png 300w, https:\/\/concertationspe.qc.ca\/wp-content\/uploads\/2024\/12\/Monstres-768x555.png 768w, https:\/\/concertationspe.qc.ca\/wp-content\/uploads\/2024\/12\/Monstres-18x12.png 18w\" sizes=\"(max-width: 800px) 100vw, 800px\" \/>\t\t\t\t\t\t\t\t\t\t\t\t\t\t\t<\/div>\n\t\t\t\t<\/div>\n\t\t\t\t<div class=\"elementor-element elementor-element-1045443 elementor-widget elementor-widget-text-editor\" data-id=\"1045443\" data-element_type=\"widget\" data-e-type=\"widget\" data-widget_type=\"text-editor.default\">\n\t\t\t\t<div class=\"elementor-widget-container\">\n\t\t\t\t\t\t\t\t\t<p><strong>Un \u00e9v\u00e9nement r\u00e9ussi, riche en \u00e9changes et en \u00e9motions<\/strong><\/p><p>Le sourire des enfants, les \u00e9changes chaleureux entre les parents et la participation active de tous t\u00e9moignent du succ\u00e8s de cet \u00e9v\u00e9nement\u00a0: 52 tout-petits et 63 adultes sont venus \u00e0 la rencontre du comit\u00e9 Famille\/Petite-Enfance.\u00a0<\/p><p>Gr\u00e2ce \u00e0 cet atelier, le comit\u00e9 Famille Petite Enfance a favoris\u00e9 l&rsquo;\u00e9panouissement des tout-petits, tout en soulignant l&rsquo;importance de l&rsquo;\u00e9galit\u00e9 des chances et de l&rsquo;inclusion dans le parcours de chaque enfant. Le comit\u00e9 remercie les participants ainsi que les membres de Concertation pour leur enthousiasme et leur mobilisation, sans oublier les conteuses et la biblioth\u00e8que Marie-Uguay qui a offert un lieu id\u00e9al pour l\u2019\u00e9v\u00e9nement.<\/p>\t\t\t\t\t\t\t\t<\/div>\n\t\t\t\t<\/div>\n\t\t\t\t<div class=\"elementor-element elementor-element-8285028 elementor-widget elementor-widget-image\" data-id=\"8285028\" data-element_type=\"widget\" data-e-type=\"widget\" data-widget_type=\"image.default\">\n\t\t\t\t<div class=\"elementor-widget-container\">\n\t\t\t\t\t\t\t\t\t\t\t\t\t\t\t<img decoding=\"async\" width=\"800\" height=\"578\" src=\"https:\/\/concertationspe.qc.ca\/wp-content\/uploads\/2024\/12\/Benevoles.png\" class=\"attachment-large size-large wp-image-6207\" alt=\"Grande Semaine des Tout-Petits\" srcset=\"https:\/\/concertationspe.qc.ca\/wp-content\/uploads\/2024\/12\/Benevoles.png 864w, https:\/\/concertationspe.qc.ca\/wp-content\/uploads\/2024\/12\/Benevoles-300x217.png 300w, https:\/\/concertationspe.qc.ca\/wp-content\/uploads\/2024\/12\/Benevoles-768x555.png 768w, https:\/\/concertationspe.qc.ca\/wp-content\/uploads\/2024\/12\/Benevoles-18x12.png 18w\" sizes=\"(max-width: 800px) 100vw, 800px\" \/>\t\t\t\t\t\t\t\t\t\t\t\t\t\t\t<\/div>\n\t\t\t\t<\/div>\n\t\t\t\t\t<\/div>\n\t\t<\/div>\n\t\t\t\t\t<\/div>\n\t\t<\/section>\n\t\t\t\t<\/div>","protected":false},"excerpt":{"rendered":"<p>Le 23 novembre 2024, le comit\u00e9 Famille\/Petite-Enfance a eu le plaisir d\u2019organiser un conte musical dans le cadre de la Grande Semaine des Tout-Petits.\u00a0 Le th\u00e8me de cette ann\u00e9e \u00e9tait :\u00a0Ensemble, pour l\u2019\u00e9galit\u00e9 des chances dans tous les milieux, pour que chaque tout-petit s\u2019\u00e9panouisse pleinement.\u00a0L\u2019atelier a rempli l&rsquo;un des objectifs essentiels du comit\u00e9, \u00e0 savoir [&hellip;]<\/p>\n","protected":false},"author":4,"featured_media":0,"comment_status":"closed","ping_status":"","sticky":false,"template":"","format":"standard","meta":{"_jetpack_memberships_contains_paid_content":false,"footnotes":""},"categories":[2],"tags":[],"class_list":["post-6195","post","type-post","status-publish","format-standard","hentry","category-actualites"],"jetpack_featured_media_url":"","jetpack_sharing_enabled":true,"_links":{"self":[{"href":"https:\/\/concertationspe.qc.ca\/en\/wp-json\/wp\/v2\/posts\/6195","targetHints":{"allow":["GET"]}}],"collection":[{"href":"https:\/\/concertationspe.qc.ca\/en\/wp-json\/wp\/v2\/posts"}],"about":[{"href":"https:\/\/concertationspe.qc.ca\/en\/wp-json\/wp\/v2\/types\/post"}],"author":[{"embeddable":true,"href":"https:\/\/concertationspe.qc.ca\/en\/wp-json\/wp\/v2\/users\/4"}],"replies":[{"embeddable":true,"href":"https:\/\/concertationspe.qc.ca\/en\/wp-json\/wp\/v2\/comments?post=6195"}],"version-history":[{"count":5,"href":"https:\/\/concertationspe.qc.ca\/en\/wp-json\/wp\/v2\/posts\/6195\/revisions"}],"predecessor-version":[{"id":6219,"href":"https:\/\/concertationspe.qc.ca\/en\/wp-json\/wp\/v2\/posts\/6195\/revisions\/6219"}],"wp:attachment":[{"href":"https:\/\/concertationspe.qc.ca\/en\/wp-json\/wp\/v2\/media?parent=6195"}],"wp:term":[{"taxonomy":"category","embeddable":true,"href":"https:\/\/concertationspe.qc.ca\/en\/wp-json\/wp\/v2\/categories?post=6195"},{"taxonomy":"post_tag","embeddable":true,"href":"https:\/\/concertationspe.qc.ca\/en\/wp-json\/wp\/v2\/tags?post=6195"}],"curies":[{"name":"wp","href":"https:\/\/api.w.org\/{rel}","templated":true}]}}