{"id":6220,"date":"2024-12-04T01:07:36","date_gmt":"2024-12-04T01:07:36","guid":{"rendered":"https:\/\/concertationspe.qc.ca\/?p=6220"},"modified":"2026-01-05T16:06:44","modified_gmt":"2026-01-05T16:06:44","slug":"des-activites-de-sensibilisation-et-de-prevention-ont-ete-offertes-aux-jeunes-du-quartier","status":"publish","type":"post","link":"https:\/\/concertationspe.qc.ca\/en\/des-activites-de-sensibilisation-et-de-prevention-ont-ete-offertes-aux-jeunes-du-quartier\/","title":{"rendered":"Des activit\u00e9s de sensibilisation et de pr\u00e9vention ont \u00e9t\u00e9 offertes aux jeunes du quartier"},"content":{"rendered":"<div data-elementor-type=\"wp-post\" data-elementor-id=\"6220\" class=\"elementor elementor-6220\" data-elementor-post-type=\"post\">\n\t\t\t\t\t\t<section class=\"elementor-section elementor-top-section elementor-element elementor-element-073c465 elementor-section-boxed elementor-section-height-default elementor-section-height-default\" data-id=\"073c465\" data-element_type=\"section\" data-e-type=\"section\">\n\t\t\t\t\t\t<div class=\"elementor-container elementor-column-gap-default\">\n\t\t\t\t\t<div class=\"elementor-column elementor-col-100 elementor-top-column elementor-element elementor-element-cf970ec\" data-id=\"cf970ec\" data-element_type=\"column\" data-e-type=\"column\">\n\t\t\t<div class=\"elementor-widget-wrap elementor-element-populated\">\n\t\t\t\t\t\t<div class=\"elementor-element elementor-element-c94b97d elementor-widget elementor-widget-text-editor\" data-id=\"c94b97d\" data-element_type=\"widget\" data-e-type=\"widget\" data-widget_type=\"text-editor.default\">\n\t\t\t\t<div class=\"elementor-widget-container\">\n\t\t\t\t\t\t\t\t\t<p><strong>Dans le cadre de la semaine de sensibilisation aux d\u00e9pendances du 25 au 30 novembre dernier, le comit\u00e9 Jeunesse a organis\u00e9 une s\u00e9rie d&rsquo;activit\u00e9s pour sensibiliser les jeunes aux d\u00e9pendances et promouvoir des comportements sains et responsables.\u00a0\u00a0<\/strong><\/p><p><strong>Un kiosque de questions pour informer et dialoguer<\/strong>\u00a0<\/p><p>Pendant trois jours, un kiosque de questions a \u00e9t\u00e9 mis en place \u00e0 l&rsquo;\u00e9cole Honor\u00e9-Mercier. Chaque jeune pouvait piocher une question que lui posait un intervenant. L\u2019id\u00e9e \u00e9tait d\u2019apporter des connaissances mais aussi d\u2019ouvrir un espace de discussion.\u00a0\u00a0<\/p><p>L\u2019adolescence et la jeunesse sont des p\u00e9riodes o\u00f9 les jeunes sont particuli\u00e8rement expos\u00e9s aux tentations et aux pressions sociales, ce qui augmente les risques de consommation d&rsquo;alcool ou de drogues. C\u2019est pourquoi, pour le comit\u00e9 Jeunesse, il est essentiel de mener des actions de sensibilisation sur la r\u00e9duction des m\u00e9faits, afin d\u2019informer les jeunes et de leur fournir les outils n\u00e9cessaires pour adopter des comportements plus responsables et s\u00e9curitaires face \u00e0 la consommation de substances. L&rsquo;objectif est de les accompagner dans la prise de d\u00e9cisions \u00e9clair\u00e9es, en leur offrant des connaissances sur les risques associ\u00e9s et sur les moyens de se prot\u00e9ger, tout en respectant leur autonomie.\u00a0<\/p><p>Le comit\u00e9 \u00e9v\u00e9nementiel a aussi cr\u00e9\u00e9 d\u2019un quizz interactif accompagner d\u2019un tirage de cartes cadeaux.\u00a0\u00a0<\/p><p><strong>L\u2019atelier lunettes 3D : un voyage immersif dans la r\u00e9alit\u00e9 de la d\u00e9pendance\u00a0<\/strong><\/p><p>Un des moments forts de cette semaine fut l&rsquo;atelier anim\u00e9 par la polici\u00e8re communautaire, qui a propos\u00e9 une exp\u00e9rience immersive avec des lunettes 3D. Ces lunettes reproduisaient la vision d&rsquo;une personne sous l\u2019emprise de l\u2019alcool et des drogues, permettant aux participants de vivre, de fa\u00e7on simul\u00e9e, l\u2019alt\u00e9ration de la perception et des r\u00e9flexes li\u00e9e \u00e0 la consommation de substances. Cette mise en situation a permis aux jeunes de se rendre compte concr\u00e8tement des risques li\u00e9s \u00e0 la d\u00e9pendance, et de comprendre l\u2019importance de prendre des d\u00e9cisions responsables.\u00a0<\/p><p><strong>La Maison des Jeunes a propos\u00e9 une r\u00e9flexion sur l\u2019impact des \u00e9crans\u00a0<\/strong><\/p><p>La Maison des Jeunes a, pour sa part, contribu\u00e9 \u00e0 la semaine de sensibilisation en proposant une s\u00e9rie de vid\u00e9os sur le th\u00e8me des \u00e9crans. Ces vid\u00e9os, diffus\u00e9es sur plusieurs r\u00e9seaux sociaux, ont abord\u00e9 les dangers de l\u2019addiction aux \u00e9crans et \u00e0 la technologie, en particulier chez les jeunes. Cette s\u00e9rie a pour but de susciter des r\u00e9flexions sur l\u2019utilisation des \u00e9crans dans la vie quotidienne et sur la mani\u00e8re de trouver un \u00e9quilibre pour \u00e9viter les comportements addictifs.\u00a0<\/p><p><span style=\"background-color: var( --e-global-color-68319a9 );\">Le comit\u00e9 tient \u00e0 remercier l\u2019\u00e9cole Honor\u00e9-Mercier de lui permettre de venir \u00e0 la rencontre des jeunes. Le comit\u00e9 souhaite aussi reconna\u00eetre la cr\u00e9ativit\u00e9 de ses membres ainsi que leur l\u2019engagement envers les jeunes du quartier.\u00a0<\/span><\/p>\t\t\t\t\t\t\t\t<\/div>\n\t\t\t\t<\/div>\n\t\t\t\t\t<\/div>\n\t\t<\/div>\n\t\t\t\t\t<\/div>\n\t\t<\/section>\n\t\t\t\t<section class=\"elementor-section elementor-top-section elementor-element elementor-element-6cb3500 elementor-section-boxed elementor-section-height-default elementor-section-height-default\" data-id=\"6cb3500\" data-element_type=\"section\" data-e-type=\"section\">\n\t\t\t\t\t\t<div class=\"elementor-container elementor-column-gap-default\">\n\t\t\t\t\t<div class=\"elementor-column elementor-col-100 elementor-top-column elementor-element elementor-element-722a402\" data-id=\"722a402\" data-element_type=\"column\" data-e-type=\"column\">\n\t\t\t<div class=\"elementor-widget-wrap elementor-element-populated\">\n\t\t\t\t\t\t<div class=\"elementor-element elementor-element-7d32b3d elementor-widget elementor-widget-image\" data-id=\"7d32b3d\" data-element_type=\"widget\" data-e-type=\"widget\" data-widget_type=\"image.default\">\n\t\t\t\t<div class=\"elementor-widget-container\">\n\t\t\t\t\t\t\t\t\t\t\t\t\t\t\t<img fetchpriority=\"high\" decoding=\"async\" width=\"1333\" height=\"2000\" src=\"https:\/\/concertationspe.qc.ca\/wp-content\/uploads\/2024\/12\/Montage-semaine-des-dependance.png\" class=\"attachment-full size-full wp-image-6230\" alt=\"\" srcset=\"https:\/\/concertationspe.qc.ca\/wp-content\/uploads\/2024\/12\/Montage-semaine-des-dependance.png 1333w, https:\/\/concertationspe.qc.ca\/wp-content\/uploads\/2024\/12\/Montage-semaine-des-dependance-200x300.png 200w, https:\/\/concertationspe.qc.ca\/wp-content\/uploads\/2024\/12\/Montage-semaine-des-dependance-682x1024.png 682w, https:\/\/concertationspe.qc.ca\/wp-content\/uploads\/2024\/12\/Montage-semaine-des-dependance-768x1152.png 768w, https:\/\/concertationspe.qc.ca\/wp-content\/uploads\/2024\/12\/Montage-semaine-des-dependance-1024x1536.png 1024w, https:\/\/concertationspe.qc.ca\/wp-content\/uploads\/2024\/12\/Montage-semaine-des-dependance-8x12.png 8w\" sizes=\"(max-width: 1333px) 100vw, 1333px\" \/>\t\t\t\t\t\t\t\t\t\t\t\t\t\t\t<\/div>\n\t\t\t\t<\/div>\n\t\t\t\t\t<\/div>\n\t\t<\/div>\n\t\t\t\t\t<\/div>\n\t\t<\/section>\n\t\t\t\t<\/div>","protected":false},"excerpt":{"rendered":"<p>Dans le cadre de la semaine de sensibilisation aux d\u00e9pendances du 25 au 30 novembre dernier, le comit\u00e9 Jeunesse a organis\u00e9 une s\u00e9rie d&rsquo;activit\u00e9s pour sensibiliser les jeunes aux d\u00e9pendances et promouvoir des comportements sains et responsables.\u00a0\u00a0 Un kiosque de questions pour informer et dialoguer\u00a0 Pendant trois jours, un kiosque de questions a \u00e9t\u00e9 mis [&hellip;]<\/p>\n","protected":false},"author":4,"featured_media":0,"comment_status":"closed","ping_status":"","sticky":false,"template":"","format":"standard","meta":{"_jetpack_memberships_contains_paid_content":false,"footnotes":""},"categories":[2],"tags":[],"class_list":["post-6220","post","type-post","status-publish","format-standard","hentry","category-actualites"],"jetpack_featured_media_url":"","jetpack_sharing_enabled":true,"_links":{"self":[{"href":"https:\/\/concertationspe.qc.ca\/en\/wp-json\/wp\/v2\/posts\/6220","targetHints":{"allow":["GET"]}}],"collection":[{"href":"https:\/\/concertationspe.qc.ca\/en\/wp-json\/wp\/v2\/posts"}],"about":[{"href":"https:\/\/concertationspe.qc.ca\/en\/wp-json\/wp\/v2\/types\/post"}],"author":[{"embeddable":true,"href":"https:\/\/concertationspe.qc.ca\/en\/wp-json\/wp\/v2\/users\/4"}],"replies":[{"embeddable":true,"href":"https:\/\/concertationspe.qc.ca\/en\/wp-json\/wp\/v2\/comments?post=6220"}],"version-history":[{"count":5,"href":"https:\/\/concertationspe.qc.ca\/en\/wp-json\/wp\/v2\/posts\/6220\/revisions"}],"predecessor-version":[{"id":6239,"href":"https:\/\/concertationspe.qc.ca\/en\/wp-json\/wp\/v2\/posts\/6220\/revisions\/6239"}],"wp:attachment":[{"href":"https:\/\/concertationspe.qc.ca\/en\/wp-json\/wp\/v2\/media?parent=6220"}],"wp:term":[{"taxonomy":"category","embeddable":true,"href":"https:\/\/concertationspe.qc.ca\/en\/wp-json\/wp\/v2\/categories?post=6220"},{"taxonomy":"post_tag","embeddable":true,"href":"https:\/\/concertationspe.qc.ca\/en\/wp-json\/wp\/v2\/tags?post=6220"}],"curies":[{"name":"wp","href":"https:\/\/api.w.org\/{rel}","templated":true}]}}