{"id":6297,"date":"2025-03-12T18:08:21","date_gmt":"2025-03-12T18:08:21","guid":{"rendered":"https:\/\/concertationspe.qc.ca\/?p=6297"},"modified":"2026-01-05T16:06:44","modified_gmt":"2026-01-05T16:06:44","slug":"grande-mobilisation-sur-le-logement-social-a-ville-emard","status":"publish","type":"post","link":"https:\/\/concertationspe.qc.ca\/en\/grande-mobilisation-sur-le-logement-social-a-ville-emard\/","title":{"rendered":"Grande mobilisation sur le logement social \u00e0 Ville-\u00c9mard"},"content":{"rendered":"<div data-elementor-type=\"wp-post\" data-elementor-id=\"6297\" class=\"elementor elementor-6297\" data-elementor-post-type=\"post\">\n\t\t\t\t\t\t<section class=\"elementor-section elementor-top-section elementor-element elementor-element-a6759fe elementor-section-boxed elementor-section-height-default elementor-section-height-default\" data-id=\"a6759fe\" data-element_type=\"section\" data-e-type=\"section\">\n\t\t\t\t\t\t<div class=\"elementor-container elementor-column-gap-default\">\n\t\t\t\t\t<div class=\"elementor-column elementor-col-100 elementor-top-column elementor-element elementor-element-6956323\" data-id=\"6956323\" data-element_type=\"column\" data-e-type=\"column\">\n\t\t\t<div class=\"elementor-widget-wrap elementor-element-populated\">\n\t\t\t\t\t\t<div class=\"elementor-element elementor-element-69bb544 elementor-widget elementor-widget-image\" data-id=\"69bb544\" data-element_type=\"widget\" data-e-type=\"widget\" data-widget_type=\"image.default\">\n\t\t\t\t<div class=\"elementor-widget-container\">\n\t\t\t\t\t\t\t\t\t\t\t\t\t\t\t<img fetchpriority=\"high\" decoding=\"async\" width=\"791\" height=\"1024\" src=\"https:\/\/concertationspe.qc.ca\/wp-content\/uploads\/2025\/03\/affiche-assemblee-publique-cspve-1-791x1024.png\" class=\"attachment-large size-large wp-image-6298\" alt=\"Assembl\u00e9e publique sur le logement social \u00e0 Ville\" srcset=\"https:\/\/concertationspe.qc.ca\/wp-content\/uploads\/2025\/03\/affiche-assemblee-publique-cspve-1-791x1024.png 791w, https:\/\/concertationspe.qc.ca\/wp-content\/uploads\/2025\/03\/affiche-assemblee-publique-cspve-1-232x300.png 232w, https:\/\/concertationspe.qc.ca\/wp-content\/uploads\/2025\/03\/affiche-assemblee-publique-cspve-1-768x994.png 768w, https:\/\/concertationspe.qc.ca\/wp-content\/uploads\/2025\/03\/affiche-assemblee-publique-cspve-1-1187x1536.png 1187w, https:\/\/concertationspe.qc.ca\/wp-content\/uploads\/2025\/03\/affiche-assemblee-publique-cspve-1-9x12.png 9w, https:\/\/concertationspe.qc.ca\/wp-content\/uploads\/2025\/03\/affiche-assemblee-publique-cspve-1.png 1545w\" sizes=\"(max-width: 791px) 100vw, 791px\" \/>\t\t\t\t\t\t\t\t\t\t\t\t\t\t\t<\/div>\n\t\t\t\t<\/div>\n\t\t\t\t\t<\/div>\n\t\t<\/div>\n\t\t\t\t\t<\/div>\n\t\t<\/section>\n\t\t\t\t<section class=\"elementor-section elementor-top-section elementor-element elementor-element-a26aae9 elementor-section-boxed elementor-section-height-default elementor-section-height-default\" data-id=\"a26aae9\" data-element_type=\"section\" data-e-type=\"section\">\n\t\t\t\t\t\t<div class=\"elementor-container elementor-column-gap-default\">\n\t\t\t\t\t<div class=\"elementor-column elementor-col-100 elementor-top-column elementor-element elementor-element-fcc7741\" data-id=\"fcc7741\" data-element_type=\"column\" data-e-type=\"column\">\n\t\t\t<div class=\"elementor-widget-wrap elementor-element-populated\">\n\t\t\t\t\t\t<div class=\"elementor-element elementor-element-ebc97c0 elementor-widget elementor-widget-text-editor\" data-id=\"ebc97c0\" data-element_type=\"widget\" data-e-type=\"widget\" data-widget_type=\"text-editor.default\">\n\t\t\t\t<div class=\"elementor-widget-container\">\n\t\t\t\t\t\t\t\t\t<p class=\"MsoNormal\" style=\"text-align:justify\">Le comit\u00e9 Habitation de Concertation Ville-\u00c9mard\/C\u00f4te St-Paul invite la\npopulation du quartier \u00e0 une <b>assembl\u00e9e publique sur le logement social<\/b>. <o:p><\/o:p><\/p><p class=\"MsoNormal\" style=\"text-align:justify\"><b>Quand<\/b>? Le jeudi 20\nmars 2025 de 9&nbsp;h&nbsp;30 \u00e0 15&nbsp;h&nbsp;30 <o:p><\/o:p><\/p><p class=\"MsoNormal\" style=\"text-align:justify\"><b>O\u00f9<\/b>? au Centre de\nloisirs Monseigneur Pigeon (salle Richard Ranger), 5055 rue Angers, Montr\u00e9al. <o:p><\/o:p><\/p><p class=\"MsoNormal\" style=\"text-align:justify\">Le comit\u00e9 appelle les citoyen.nes \u00e0 se r\u00e9unir pour r\u00e9fl\u00e9chir ensemble\naux moyens d\u2019assurer le droit au logement pour chacun.e ainsi qu\u2019au\nd\u00e9veloppement du logement social. <o:p><\/o:p><\/p><p class=\"MsoNormal\" style=\"text-align:justify\">Les r\u00e9alit\u00e9s de la crise du logement vont y \u00eatre pr\u00e9sent\u00e9es. Dans le\nSud-Ouest, le co\u00fbt des loyers a augment\u00e9 de 92&nbsp;% depuis 2014 alors qu\u2019\u00e0\nMontr\u00e9al, cette augmentation est de 59&nbsp;%. Les expulsions et les \u00e9victions\nsont le premier facteur invoqu\u00e9 pour expliquer les nouvelles situations\nd\u2019itin\u00e9rance selon le dernier d\u00e9nombrement de l\u2019itin\u00e9rance visible. <o:p><\/o:p><\/p><p class=\"MsoNormal\" style=\"margin-top:12.0pt;margin-right:0cm;margin-bottom:12.0pt;margin-left:0cm;text-align:justify\">Le c\u00f4t\u00e9 sombre des efforts de v\u00e9g\u00e9talisation des quartiers populaires va\n\u00eatre abord\u00e9 \u00e9galement. Une fois verdis, ces quartiers deviennent tr\u00e8s recherch\u00e9s\net seules les populations plus ais\u00e9es peuvent b\u00e9n\u00e9ficier de l\u2019am\u00e9lioration des\nconditions de vie au d\u00e9triment des r\u00e9sident.es d\u00e9j\u00e0 pr\u00e9sent.es qui ont des budgets\nplus modestes. <o:p><\/o:p><\/p><p class=\"MsoNormal\" style=\"margin-top:12.0pt;margin-right:0cm;margin-bottom:12.0pt;margin-left:0cm;text-align:justify\">La question de l\u2019accessibilit\u00e9 va s\u2019ajouter \u00e0 la journ\u00e9e pour pr\u00e9senter\nla r\u00e9alit\u00e9 de la majorit\u00e9 des personnes vivant avec une incapacit\u00e9 li\u00e9e \u00e0 la\nmobilit\u00e9. Elles n\u2019ont pas l\u2019argent n\u00e9cessaire pour faire les am\u00e9nagements dont\nelles ont besoin pour sortir de chez elles, cuisiner ou encore se diriger vers\nla salle de bain ou la toilette seules. <o:p><\/o:p><\/p><p class=\"MsoNormal\" style=\"text-align:justify\">L\u2019assembl\u00e9e publique est l\u2019occasion aussi pour la communaut\u00e9 d\u2019en apprendre\nplus<span style=\"color:red\"> <\/span>sur le succ\u00e8s des mobilisations pass\u00e9es. Plusieurs\nprojets de logement social sont en cours de d\u00e9veloppement dans Ville-\u00c9mard C\u00f4te\/St-Paul.\nIl reste cependant du travail \u00e0 faire pour rendre le quartier plus fort et\nsolidaire. <o:p><\/o:p><\/p><p>\n\n\n\n\n\n\n\n\n\n\n\n\n\n\n\n<\/p><p class=\"MsoNormal\" style=\"text-align:justify\">Au Qu\u00e9bec en 2024, les logements sociaux repr\u00e9sentent 11&nbsp;% des\nlogements locatifs et c\u2019est moins de 10&nbsp;% dans Ville-\u00c9mard\/C\u00f4te St-Paul. Ces\nchiffres montrent l\u2019urgence de se mobiliser autour d\u2019un nouvel objectif soit,<span style=\"color:red\"> <\/span><b>atteindre 20 % du parc locatif en logement social d\u2019ici\n15&nbsp;ans<\/b>. Cet objectif fait l\u2019objet d\u2019un consensus aupr\u00e8s de plusieurs\nregroupements du milieu de l\u2019habitation sociale et communautaire.<o:p><\/o:p><\/p>\t\t\t\t\t\t\t\t<\/div>\n\t\t\t\t<\/div>\n\t\t\t\t\t<\/div>\n\t\t<\/div>\n\t\t\t\t\t<\/div>\n\t\t<\/section>\n\t\t\t\t<\/div>","protected":false},"excerpt":{"rendered":"<p>Le comit\u00e9 Habitation de Concertation Ville-\u00c9mard\/C\u00f4te St-Paul invite la population du quartier \u00e0 une assembl\u00e9e publique sur le logement social. Quand? Le jeudi 20 mars 2025 de 9&nbsp;h&nbsp;30 \u00e0 15&nbsp;h&nbsp;30 O\u00f9? au Centre de loisirs Monseigneur Pigeon (salle Richard Ranger), 5055 rue Angers, Montr\u00e9al. Le comit\u00e9 appelle les citoyen.nes \u00e0 se r\u00e9unir pour r\u00e9fl\u00e9chir ensemble [&hellip;]<\/p>\n","protected":false},"author":4,"featured_media":0,"comment_status":"closed","ping_status":"","sticky":false,"template":"","format":"standard","meta":{"_jetpack_memberships_contains_paid_content":false,"footnotes":""},"categories":[2],"tags":[],"class_list":["post-6297","post","type-post","status-publish","format-standard","hentry","category-actualites"],"jetpack_featured_media_url":"","jetpack_sharing_enabled":true,"_links":{"self":[{"href":"https:\/\/concertationspe.qc.ca\/en\/wp-json\/wp\/v2\/posts\/6297","targetHints":{"allow":["GET"]}}],"collection":[{"href":"https:\/\/concertationspe.qc.ca\/en\/wp-json\/wp\/v2\/posts"}],"about":[{"href":"https:\/\/concertationspe.qc.ca\/en\/wp-json\/wp\/v2\/types\/post"}],"author":[{"embeddable":true,"href":"https:\/\/concertationspe.qc.ca\/en\/wp-json\/wp\/v2\/users\/4"}],"replies":[{"embeddable":true,"href":"https:\/\/concertationspe.qc.ca\/en\/wp-json\/wp\/v2\/comments?post=6297"}],"version-history":[{"count":5,"href":"https:\/\/concertationspe.qc.ca\/en\/wp-json\/wp\/v2\/posts\/6297\/revisions"}],"predecessor-version":[{"id":6304,"href":"https:\/\/concertationspe.qc.ca\/en\/wp-json\/wp\/v2\/posts\/6297\/revisions\/6304"}],"wp:attachment":[{"href":"https:\/\/concertationspe.qc.ca\/en\/wp-json\/wp\/v2\/media?parent=6297"}],"wp:term":[{"taxonomy":"category","embeddable":true,"href":"https:\/\/concertationspe.qc.ca\/en\/wp-json\/wp\/v2\/categories?post=6297"},{"taxonomy":"post_tag","embeddable":true,"href":"https:\/\/concertationspe.qc.ca\/en\/wp-json\/wp\/v2\/tags?post=6297"}],"curies":[{"name":"wp","href":"https:\/\/api.w.org\/{rel}","templated":true}]}}