{"id":6325,"date":"2025-04-24T21:26:40","date_gmt":"2025-04-24T21:26:40","guid":{"rendered":"https:\/\/concertationspe.qc.ca\/?p=6325"},"modified":"2026-01-05T16:06:44","modified_gmt":"2026-01-05T16:06:44","slug":"partagez-vos-souvenirs-et-votre-creativite-pour-un-projet-unique","status":"publish","type":"post","link":"https:\/\/concertationspe.qc.ca\/en\/partagez-vos-souvenirs-et-votre-creativite-pour-un-projet-unique\/","title":{"rendered":"Partagez vos souvenirs et votre cr\u00e9ativit\u00e9 pour un projet unique !"},"content":{"rendered":"<div data-elementor-type=\"wp-post\" data-elementor-id=\"6325\" class=\"elementor elementor-6325\" data-elementor-post-type=\"post\">\n\t\t\t\t\t\t<section class=\"elementor-section elementor-top-section elementor-element elementor-element-892f256 elementor-section-boxed elementor-section-height-default elementor-section-height-default\" data-id=\"892f256\" data-element_type=\"section\" data-e-type=\"section\">\n\t\t\t\t\t\t<div class=\"elementor-container elementor-column-gap-default\">\n\t\t\t\t\t<div class=\"elementor-column elementor-col-100 elementor-top-column elementor-element elementor-element-a25a4df\" data-id=\"a25a4df\" data-element_type=\"column\" data-e-type=\"column\">\n\t\t\t<div class=\"elementor-widget-wrap elementor-element-populated\">\n\t\t\t\t\t\t<div class=\"elementor-element elementor-element-a38e31b elementor-widget elementor-widget-text-editor\" data-id=\"a38e31b\" data-element_type=\"widget\" data-e-type=\"widget\" data-widget_type=\"text-editor.default\">\n\t\t\t\t<div class=\"elementor-widget-container\">\n\t\t\t\t\t\t\t\t\t<p><!-- x-tinymce\/html --><strong><span style=\"font-family: Arial, Helvetica, sans-serif;\">Concertation appelle les r\u00e9sident.es \u00e0 participer \u00e0 la cr\u00e9ation d&rsquo;une projection vid\u00e9o c\u00e9l\u00e9brant l\u2019histoire, le patrimoine et la culture du quartier de\u00a0Ville-\u00c9mard\u2013C\u00f4te-Saint-Paul.<\/span><\/strong><\/p>\t\t\t\t\t\t\t\t<\/div>\n\t\t\t\t<\/div>\n\t\t\t\t\t<\/div>\n\t\t<\/div>\n\t\t\t\t\t<\/div>\n\t\t<\/section>\n\t\t\t\t<section class=\"elementor-section elementor-top-section elementor-element elementor-element-6ead2bb elementor-section-boxed elementor-section-height-default elementor-section-height-default\" data-id=\"6ead2bb\" data-element_type=\"section\" data-e-type=\"section\">\n\t\t\t\t\t\t<div class=\"elementor-container elementor-column-gap-default\">\n\t\t\t\t\t<div class=\"elementor-column elementor-col-100 elementor-top-column elementor-element elementor-element-b10dcd3\" data-id=\"b10dcd3\" data-element_type=\"column\" data-e-type=\"column\">\n\t\t\t<div class=\"elementor-widget-wrap elementor-element-populated\">\n\t\t\t\t\t\t<div class=\"elementor-element elementor-element-d54d737 elementor-widget elementor-widget-image\" data-id=\"d54d737\" data-element_type=\"widget\" data-e-type=\"widget\" data-widget_type=\"image.default\">\n\t\t\t\t<div class=\"elementor-widget-container\">\n\t\t\t\t\t\t\t\t\t\t\t\t\t\t\t<img fetchpriority=\"high\" decoding=\"async\" width=\"800\" height=\"450\" src=\"https:\/\/concertationspe.qc.ca\/wp-content\/uploads\/2025\/04\/RUI-1024x576.png\" class=\"attachment-large size-large wp-image-6326\" alt=\"\" srcset=\"https:\/\/concertationspe.qc.ca\/wp-content\/uploads\/2025\/04\/RUI-1024x576.png 1024w, https:\/\/concertationspe.qc.ca\/wp-content\/uploads\/2025\/04\/RUI-300x169.png 300w, https:\/\/concertationspe.qc.ca\/wp-content\/uploads\/2025\/04\/RUI-768x432.png 768w, https:\/\/concertationspe.qc.ca\/wp-content\/uploads\/2025\/04\/RUI-18x10.png 18w, https:\/\/concertationspe.qc.ca\/wp-content\/uploads\/2025\/04\/RUI.png 1366w\" sizes=\"(max-width: 800px) 100vw, 800px\" \/>\t\t\t\t\t\t\t\t\t\t\t\t\t\t\t<\/div>\n\t\t\t\t<\/div>\n\t\t\t\t<div class=\"elementor-element elementor-element-0666706 elementor-widget elementor-widget-text-editor\" data-id=\"0666706\" data-element_type=\"widget\" data-e-type=\"widget\" data-widget_type=\"text-editor.default\">\n\t\t\t\t<div class=\"elementor-widget-container\">\n\t\t\t\t\t\t\t\t\t<p>Le <strong>programme de revitalisation urbaine int\u00e9gr\u00e9e<\/strong> (RUI) du secteur GALT \u00e0 Ville-\u00c9mard-C\u00f4te-Saint-Paul touche \u00e0 sa fin. Ce programme, qui a permis de r\u00e9nover des espaces publics, d\u2019embellir le paysage urbain et de renforcer les liens communautaires, a laiss\u00e9 une empreinte durable dans le quartier\u00a0: cr\u00e9ation d\u2019un jardin collectif et de jardins en bacs, soutien \u00e0 la r\u00e9alisation et \u00e0 la r\u00e9novation de nombreuses murales, ouverture d\u2019un local communautaire, installations de sculptures dans les espaces publics, organisations de caf\u00e9s-citoyens, etc.<\/p><p>Pour clore ce chapitre de mani\u00e8re m\u00e9morable, le Comit\u00e9 RUI, compos\u00e9 d\u2019organismes locaux, souhaite r\u00e9aliser un projet exceptionnel : une <strong>projection vid\u00e9o ext\u00e9rieure de grande ampleur<\/strong> c\u00e9l\u00e9brant l\u2019histoire, le patrimoine et la culture de Ville-\u00c9mard\u2013C\u00f4te-Saint-Paul. Cette projection, qui sera am\u00e9nag\u00e9e pour plusieurs ann\u00e9es, offrira une vitrine permanente de notre identit\u00e9 collective.<\/p><p>R\u00e9alis\u00e9 en collaboration avec le <strong>Groupe Paradoxe<\/strong>,\u00a0ce projet mettra en lumi\u00e8re des images et t\u00e9moignages issus de la communaut\u00e9 locale. A travers cette collaboration, il s\u2019agit \u00e9galement de mettre en avant l\u2019expertise locale et la mission d\u2019insertion sociale et professionnelle port\u00e9e par le Groupe Paradoxe.<\/p><p>\u00a0<\/p><p><strong>Comment participer ?<\/strong><\/p><p>Nous invitons <strong>tous les r\u00e9sident.e.s et organismes locaux<\/strong> \u00e0 partager leurs plus belles photos du quartier:<\/p><ul><li>Parcs, jardins, ruelles vertes<\/li><li>B\u00e2timents architecturaux ou historiques<\/li><li>Moments marquants de la vie de quartier ou de son quotidien<\/li><li>Portrait de personnalit\u00e9s marquante du quartier<\/li><li>Moments de rassemblements collectifs (ex\u00a0: f\u00eates de quartier, manifestation, etc.)<\/li><\/ul><p><strong>Important<\/strong> : Pour garantir une projection optimale sur de grandes surfaces, nous vous remercions de privil\u00e9gier des photos de haute qualit\u00e9.<\/p><p><br \/>Vous pouvez \u00e9galement transmettre de <strong>courts t\u00e9moignages<\/strong> racontant ce qui rend Ville-\u00c9mard\u2013C\u00f4te-Saint-Paul si sp\u00e9cial \u00e0 vos yeux.<\/p><p>\u00a0<\/p><p>Les artistes locaux sont aussi invit\u00e9s \u00e0 contribuer en proposant une pr\u00e9sentation de leur d\u00e9marche artistique accompagn\u00e9e de photos de leurs \u0153uvres. Une belle occasion de mettre en valeur votre travail dans un cadre exceptionnel !<\/p><p>\u00a0<\/p><p><strong>Envoyez vos contributions<\/strong><\/p><p>Vous pouvez d\u00e8s maintenant soumettre vos photos, t\u00e9moignages ou pr\u00e9sentations artistiques \u00e0 l\u2019adresse suivante : <a href=\"mailto:operationgalt@concertationspe.qc.ca\"><strong>operationgalt@concertationspe.qc.ca<\/strong><\/a> Une s\u00e9lection sera r\u00e9alis\u00e9e par le Comit\u00e9 pour cr\u00e9er un montage riche et repr\u00e9sentatif de la diversit\u00e9 et de la beaut\u00e9 de notre quartier.<\/p><p>Merci de faire partie de ce projet collectif qui c\u00e9l\u00e9brera la m\u00e9moire et l\u2019identit\u00e9 de Ville-\u00c9mard\u2013C\u00f4te-Saint-Paul !<\/p>\t\t\t\t\t\t\t\t<\/div>\n\t\t\t\t<\/div>\n\t\t\t\t\t<\/div>\n\t\t<\/div>\n\t\t\t\t\t<\/div>\n\t\t<\/section>\n\t\t\t\t<\/div>","protected":false},"excerpt":{"rendered":"<p>Concertation appelle les r\u00e9sident.es \u00e0 participer \u00e0 la cr\u00e9ation d&rsquo;une projection vid\u00e9o c\u00e9l\u00e9brant l\u2019histoire, le patrimoine et la culture du quartier de\u00a0Ville-\u00c9mard\u2013C\u00f4te-Saint-Paul. Le programme de revitalisation urbaine int\u00e9gr\u00e9e (RUI) du secteur GALT \u00e0 Ville-\u00c9mard-C\u00f4te-Saint-Paul touche \u00e0 sa fin. Ce programme, qui a permis de r\u00e9nover des espaces publics, d\u2019embellir le paysage urbain et de renforcer [&hellip;]<\/p>\n","protected":false},"author":4,"featured_media":0,"comment_status":"closed","ping_status":"","sticky":false,"template":"","format":"standard","meta":{"_jetpack_memberships_contains_paid_content":false,"footnotes":""},"categories":[2],"tags":[],"class_list":["post-6325","post","type-post","status-publish","format-standard","hentry","category-actualites"],"jetpack_featured_media_url":"","jetpack_sharing_enabled":true,"_links":{"self":[{"href":"https:\/\/concertationspe.qc.ca\/en\/wp-json\/wp\/v2\/posts\/6325","targetHints":{"allow":["GET"]}}],"collection":[{"href":"https:\/\/concertationspe.qc.ca\/en\/wp-json\/wp\/v2\/posts"}],"about":[{"href":"https:\/\/concertationspe.qc.ca\/en\/wp-json\/wp\/v2\/types\/post"}],"author":[{"embeddable":true,"href":"https:\/\/concertationspe.qc.ca\/en\/wp-json\/wp\/v2\/users\/4"}],"replies":[{"embeddable":true,"href":"https:\/\/concertationspe.qc.ca\/en\/wp-json\/wp\/v2\/comments?post=6325"}],"version-history":[{"count":3,"href":"https:\/\/concertationspe.qc.ca\/en\/wp-json\/wp\/v2\/posts\/6325\/revisions"}],"predecessor-version":[{"id":6329,"href":"https:\/\/concertationspe.qc.ca\/en\/wp-json\/wp\/v2\/posts\/6325\/revisions\/6329"}],"wp:attachment":[{"href":"https:\/\/concertationspe.qc.ca\/en\/wp-json\/wp\/v2\/media?parent=6325"}],"wp:term":[{"taxonomy":"category","embeddable":true,"href":"https:\/\/concertationspe.qc.ca\/en\/wp-json\/wp\/v2\/categories?post=6325"},{"taxonomy":"post_tag","embeddable":true,"href":"https:\/\/concertationspe.qc.ca\/en\/wp-json\/wp\/v2\/tags?post=6325"}],"curies":[{"name":"wp","href":"https:\/\/api.w.org\/{rel}","templated":true}]}}