{"id":6330,"date":"2025-04-30T17:25:08","date_gmt":"2025-04-30T17:25:08","guid":{"rendered":"https:\/\/concertationspe.qc.ca\/?p=6330"},"modified":"2026-02-03T19:05:47","modified_gmt":"2026-02-03T19:05:47","slug":"des-fruits-et-legumes-a-tres-bas-prix","status":"publish","type":"post","link":"https:\/\/concertationspe.qc.ca\/en\/des-fruits-et-legumes-a-tres-bas-prix\/","title":{"rendered":"Des fruits et l\u00e9gumes \u00e0 tr\u00e8s bas prix"},"content":{"rendered":"<div data-elementor-type=\"wp-post\" data-elementor-id=\"6330\" class=\"elementor elementor-6330\" data-elementor-post-type=\"post\">\n\t\t\t\t\t\t<section class=\"elementor-section elementor-top-section elementor-element elementor-element-e896108 elementor-section-boxed elementor-section-height-default elementor-section-height-default\" data-id=\"e896108\" data-element_type=\"section\" data-e-type=\"section\">\n\t\t\t\t\t\t<div class=\"elementor-container elementor-column-gap-default\">\n\t\t\t\t\t<div class=\"elementor-column elementor-col-100 elementor-top-column elementor-element elementor-element-4b3e7b6\" data-id=\"4b3e7b6\" data-element_type=\"column\" data-e-type=\"column\">\n\t\t\t<div class=\"elementor-widget-wrap elementor-element-populated\">\n\t\t\t\t\t\t<div class=\"elementor-element elementor-element-4703b1b elementor-widget elementor-widget-image\" data-id=\"4703b1b\" data-element_type=\"widget\" data-e-type=\"widget\" data-widget_type=\"image.default\">\n\t\t\t\t<div class=\"elementor-widget-container\">\n\t\t\t\t\t\t\t\t\t\t\t\t\t\t\t<img fetchpriority=\"high\" decoding=\"async\" width=\"800\" height=\"573\" src=\"https:\/\/concertationspe.qc.ca\/wp-content\/uploads\/2025\/04\/Contenu-du-panier-a-25-1024x734.jpg\" class=\"attachment-large size-large wp-image-6333\" alt=\"fruits et l\u00e9gumes\" srcset=\"https:\/\/concertationspe.qc.ca\/wp-content\/uploads\/2025\/04\/Contenu-du-panier-a-25-1024x734.jpg 1024w, https:\/\/concertationspe.qc.ca\/wp-content\/uploads\/2025\/04\/Contenu-du-panier-a-25-300x215.jpg 300w, https:\/\/concertationspe.qc.ca\/wp-content\/uploads\/2025\/04\/Contenu-du-panier-a-25-768x551.jpg 768w, https:\/\/concertationspe.qc.ca\/wp-content\/uploads\/2025\/04\/Contenu-du-panier-a-25-1536x1101.jpg 1536w, https:\/\/concertationspe.qc.ca\/wp-content\/uploads\/2025\/04\/Contenu-du-panier-a-25-2048x1468.jpg 2048w, https:\/\/concertationspe.qc.ca\/wp-content\/uploads\/2025\/04\/Contenu-du-panier-a-25-18x12.jpg 18w\" sizes=\"(max-width: 800px) 100vw, 800px\" \/>\t\t\t\t\t\t\t\t\t\t\t\t\t\t\t<\/div>\n\t\t\t\t<\/div>\n\t\t\t\t\t<\/div>\n\t\t<\/div>\n\t\t\t\t\t<\/div>\n\t\t<\/section>\n\t\t\t\t<section class=\"elementor-section elementor-top-section elementor-element elementor-element-f1f8c3b elementor-section-boxed elementor-section-height-default elementor-section-height-default\" data-id=\"f1f8c3b\" data-element_type=\"section\" data-e-type=\"section\">\n\t\t\t\t\t\t<div class=\"elementor-container elementor-column-gap-default\">\n\t\t\t\t\t<div class=\"elementor-column elementor-col-100 elementor-top-column elementor-element elementor-element-13933a6\" data-id=\"13933a6\" data-element_type=\"column\" data-e-type=\"column\">\n\t\t\t<div class=\"elementor-widget-wrap elementor-element-populated\">\n\t\t\t\t\t\t<div class=\"elementor-element elementor-element-bff56e2 elementor-widget elementor-widget-text-editor\" data-id=\"bff56e2\" data-element_type=\"widget\" data-e-type=\"widget\" data-widget_type=\"text-editor.default\">\n\t\t\t\t<div class=\"elementor-widget-container\">\n\t\t\t\t\t\t\t\t\t<p>L&rsquo;\u00c9picerie Paule &amp; \u00c9mard offre des paniers de fruits et de l\u00e9gumes \u00e0 toute la population de Ville-\u00c9mard \/ C\u00f4te St-Paul un mercredi sur deux.&nbsp;<\/p>\n<p>Ce projet collectif est soutenu par le comit\u00e9 S\u00e9curit\u00e9 alimentaire de Concertation.<\/p>\n<p>Il y a 4 formats de grandeur \u00e0 diff\u00e9rents prix :<\/p>\n<ul>\n<li>Panier a\u00een\u00e9.es : 10 $<\/li>\n<li>Petit panier : 20 $<\/li>\n<li>Moyen panier : 25 $<\/li>\n<li>Grand panier : 35 $<\/li>\n<\/ul>\n<p>Le panier sur la photo ci-dessus est un panier moyen \u00e0 25 $.<\/p>\n<p><strong>Livraison \u00e0 domicile ou cueillette \u00e0 l&rsquo;\u00e9picerie?<\/strong><\/p>\n<p>Peu importe votre situation financi\u00e8re, vous pouvez commander votre panier le lundi et le recevoir le mercredi. La livraison se fait le matin entre 9 h 30 et 13 h et est offerte \u00e0 un prix de 3 $ pour les a\u00een\u00e9s et de 5 $ pour les autres personnes. Si vous pr\u00e9f\u00e9rez venir le r\u00e9cup\u00e9rer, il n&rsquo;y a pas de frais suppl\u00e9mentaires. La cueillette peut se faire le mercredi entre 9 h et 18 h ou le jeudi et le vendredi suivant entre 9 h et 19 h. Profitez-en pour vous arr\u00eater prendre un caf\u00e9 ou acheter les denr\u00e9es qui vous manquent \u00e0 L&rsquo;\u00c9picerie Paule &amp; \u00c9mard situ\u00e9e au 5999 rue Drake (coin Maricourt).&nbsp;<\/p>\n<p><strong>Un choix solidaire<\/strong><\/p>\n<p>En utilisant le service de panier de fruits et l\u00e9gumes ou en magasinant \u00e0 l&rsquo;\u00c9picerie Paule &amp; \u00c9mard, vous encouragez les projets en s\u00e9curit\u00e9 alimentaire du quartier.&nbsp;<\/p>\n<p><strong>Comment participer?<\/strong><\/p>\n<p>Il suffit d&rsquo;appeler<b> Denise au (514) 761-1280 poste 21<\/b> ou lui \u00e9crire \u00e0 <b>benevole.sal@concertationspe.qc.ca<\/b>. Aux deux semaines, vous commandez votre panier sans aucun engagement \u00e0 long terme.<\/p>\t\t\t\t\t\t\t\t<\/div>\n\t\t\t\t<\/div>\n\t\t\t\t\t<\/div>\n\t\t<\/div>\n\t\t\t\t\t<\/div>\n\t\t<\/section>\n\t\t\t\t<\/div>","protected":false},"excerpt":{"rendered":"<p>L&rsquo;\u00c9picerie Paule &amp; \u00c9mard offre des paniers de fruits et de l\u00e9gumes \u00e0 toute la population de Ville-\u00c9mard \/ C\u00f4te St-Paul un mercredi sur deux.&nbsp; Ce projet collectif est soutenu par le comit\u00e9 S\u00e9curit\u00e9 alimentaire de Concertation. Il y a 4 formats de grandeur \u00e0 diff\u00e9rents prix : Panier a\u00een\u00e9.es : 10 $ Petit panier [&hellip;]<\/p>\n","protected":false},"author":4,"featured_media":0,"comment_status":"closed","ping_status":"","sticky":false,"template":"","format":"standard","meta":{"_jetpack_memberships_contains_paid_content":false,"footnotes":""},"categories":[2],"tags":[],"class_list":["post-6330","post","type-post","status-publish","format-standard","hentry","category-actualites"],"jetpack_featured_media_url":"","jetpack_sharing_enabled":true,"_links":{"self":[{"href":"https:\/\/concertationspe.qc.ca\/en\/wp-json\/wp\/v2\/posts\/6330","targetHints":{"allow":["GET"]}}],"collection":[{"href":"https:\/\/concertationspe.qc.ca\/en\/wp-json\/wp\/v2\/posts"}],"about":[{"href":"https:\/\/concertationspe.qc.ca\/en\/wp-json\/wp\/v2\/types\/post"}],"author":[{"embeddable":true,"href":"https:\/\/concertationspe.qc.ca\/en\/wp-json\/wp\/v2\/users\/4"}],"replies":[{"embeddable":true,"href":"https:\/\/concertationspe.qc.ca\/en\/wp-json\/wp\/v2\/comments?post=6330"}],"version-history":[{"count":5,"href":"https:\/\/concertationspe.qc.ca\/en\/wp-json\/wp\/v2\/posts\/6330\/revisions"}],"predecessor-version":[{"id":6620,"href":"https:\/\/concertationspe.qc.ca\/en\/wp-json\/wp\/v2\/posts\/6330\/revisions\/6620"}],"wp:attachment":[{"href":"https:\/\/concertationspe.qc.ca\/en\/wp-json\/wp\/v2\/media?parent=6330"}],"wp:term":[{"taxonomy":"category","embeddable":true,"href":"https:\/\/concertationspe.qc.ca\/en\/wp-json\/wp\/v2\/categories?post=6330"},{"taxonomy":"post_tag","embeddable":true,"href":"https:\/\/concertationspe.qc.ca\/en\/wp-json\/wp\/v2\/tags?post=6330"}],"curies":[{"name":"wp","href":"https:\/\/api.w.org\/{rel}","templated":true}]}}