{"id":6389,"date":"2025-08-07T20:47:49","date_gmt":"2025-08-07T20:47:49","guid":{"rendered":"https:\/\/concertationspe.qc.ca\/?p=6389"},"modified":"2026-01-05T16:06:44","modified_gmt":"2026-01-05T16:06:44","slug":"creation-dun-livre-de-sensibilisation-a-lautisme","status":"publish","type":"post","link":"https:\/\/concertationspe.qc.ca\/en\/creation-dun-livre-de-sensibilisation-a-lautisme\/","title":{"rendered":"Cr\u00e9ation d\u2019un livre de sensibilisation \u00e0 l\u2019autisme"},"content":{"rendered":"<p>Intitul\u00e9 <em>Un regard unique Histoires et couleur de l&rsquo;autisme<\/em>, le livre du quartier donne la parole \u00e0 celles et ceux qui vivent au quotidien avec l\u2019autisme, pour mieux comprendre leurs enjeux, et valoriser les forces li\u00e9es \u00e0 ce trouble.<\/p>\n\n\n\n<figure class=\"wp-block-image size-full\"><img fetchpriority=\"high\" decoding=\"async\" width=\"940\" height=\"788\" src=\"https:\/\/concertationspe.qc.ca\/wp-content\/uploads\/2025\/08\/LANCEMENT-DE-NOTRE-LIVRE-Publication-Facebook-2-1.png\" alt=\"\" class=\"wp-image-6394\" srcset=\"https:\/\/concertationspe.qc.ca\/wp-content\/uploads\/2025\/08\/LANCEMENT-DE-NOTRE-LIVRE-Publication-Facebook-2-1.png 940w, https:\/\/concertationspe.qc.ca\/wp-content\/uploads\/2025\/08\/LANCEMENT-DE-NOTRE-LIVRE-Publication-Facebook-2-1-300x251.png 300w, https:\/\/concertationspe.qc.ca\/wp-content\/uploads\/2025\/08\/LANCEMENT-DE-NOTRE-LIVRE-Publication-Facebook-2-1-768x644.png 768w, https:\/\/concertationspe.qc.ca\/wp-content\/uploads\/2025\/08\/LANCEMENT-DE-NOTRE-LIVRE-Publication-Facebook-2-1-14x12.png 14w\" sizes=\"(max-width: 940px) 100vw, 940px\" \/><\/figure>\n\n\n\n<p>Chaque ann\u00e9e, <strong>le comit\u00e9 Famille\/Petite-Enfance organise une action de sensibilisation \u00e0 l\u2019autisme durant le mois d\u2019avril<\/strong>. Cette ann\u00e9e, il a paru essentiel de mettre de l\u2019avant les r\u00e9alit\u00e9s v\u00e9cues par les familles et les jeunes eux-m\u00eames. L\u2019objectif a \u00e9t\u00e9 de leur offrir un espace de parole pour faire d\u00e9couvrir au quartier les d\u00e9fis, mais aussi les belles histoires que vivent les familles lorsque l\u2019autisme entre dans leur vie.<\/p>\n\n\n\n<p>Le comit\u00e9 a donc d\u00e9cid\u00e9 de se lancer dans la production d\u2019un livre de t\u00e9moigagnes, inspir\u00e9 du concours de dessins lanc\u00e9 en 2022. Gr\u00e2ce \u00e0 la mobilisation des acteurs\u00b7rices du quartier, t\u00e9moigagnes et illustrations ont rapidement \u00e9t\u00e9 rassembl\u00e9es pour imprimer le livre.<\/p>\n\n\n\n<p><strong>Le 2 avril 2025, le comit\u00e9 a invit\u00e9 les citoyen.nes au lancement du livre \u00e0 la biblioth\u00e8que Marie-Uguay.<\/strong> L\u2019\u00e9v\u00e9nement a permis de pr\u00e9senter l\u2019ouvrage tout en proposant des animations\u00a0: stations de visionnement de court m\u00e9trage, fabrication de macarons, cr\u00e9ation d\u2019un c\u0153ur de t\u00e9moigagnes, et lecture en direct d\u2019un t\u00e9moigagne.<\/p>\n\n\n\n<p><strong>Le livre est d\u00e9sormais disponible pour consultation \u00e0 la biblioth\u00e8que Marie-Uguay<\/strong>. Le comit\u00e9 esp\u00e8re pouvoir faire vivre ce projet dans la dur\u00e9e en imprimant de nouvelles copies prochainement.<\/p>\n\n\n\n<figure class=\"wp-block-gallery has-nested-images columns-default is-cropped wp-block-gallery-1 is-layout-flex wp-block-gallery-is-layout-flex\"><\/figure>","protected":false},"excerpt":{"rendered":"<p>Intitul\u00e9 Un regard unique Histoires et couleur de l&rsquo;autisme, le livre du quartier donne la parole \u00e0 celles et ceux qui vivent au quotidien avec l\u2019autisme, pour mieux comprendre leurs enjeux, et valoriser les forces li\u00e9es \u00e0 ce trouble. Chaque ann\u00e9e, le comit\u00e9 Famille\/Petite-Enfance organise une action de sensibilisation \u00e0 l\u2019autisme durant le mois d\u2019avril. [&hellip;]<\/p>\n","protected":false},"author":4,"featured_media":0,"comment_status":"closed","ping_status":"closed","sticky":false,"template":"","format":"standard","meta":{"_jetpack_memberships_contains_paid_content":false,"footnotes":""},"categories":[3],"tags":[70,71,18],"class_list":["post-6389","post","type-post","status-publish","format-standard","hentry","category-famille-petite-enfance","tag-autisme","tag-bibliotheque-marie-uguay","tag-concertation-ville-emardcote-st-paul"],"jetpack_featured_media_url":"","jetpack_sharing_enabled":true,"_links":{"self":[{"href":"https:\/\/concertationspe.qc.ca\/en\/wp-json\/wp\/v2\/posts\/6389","targetHints":{"allow":["GET"]}}],"collection":[{"href":"https:\/\/concertationspe.qc.ca\/en\/wp-json\/wp\/v2\/posts"}],"about":[{"href":"https:\/\/concertationspe.qc.ca\/en\/wp-json\/wp\/v2\/types\/post"}],"author":[{"embeddable":true,"href":"https:\/\/concertationspe.qc.ca\/en\/wp-json\/wp\/v2\/users\/4"}],"replies":[{"embeddable":true,"href":"https:\/\/concertationspe.qc.ca\/en\/wp-json\/wp\/v2\/comments?post=6389"}],"version-history":[{"count":4,"href":"https:\/\/concertationspe.qc.ca\/en\/wp-json\/wp\/v2\/posts\/6389\/revisions"}],"predecessor-version":[{"id":6397,"href":"https:\/\/concertationspe.qc.ca\/en\/wp-json\/wp\/v2\/posts\/6389\/revisions\/6397"}],"wp:attachment":[{"href":"https:\/\/concertationspe.qc.ca\/en\/wp-json\/wp\/v2\/media?parent=6389"}],"wp:term":[{"taxonomy":"category","embeddable":true,"href":"https:\/\/concertationspe.qc.ca\/en\/wp-json\/wp\/v2\/categories?post=6389"},{"taxonomy":"post_tag","embeddable":true,"href":"https:\/\/concertationspe.qc.ca\/en\/wp-json\/wp\/v2\/tags?post=6389"}],"curies":[{"name":"wp","href":"https:\/\/api.w.org\/{rel}","templated":true}]}}