{"id":6398,"date":"2025-08-07T21:08:53","date_gmt":"2025-08-07T21:08:53","guid":{"rendered":"https:\/\/concertationspe.qc.ca\/?p=6398"},"modified":"2026-01-05T16:06:44","modified_gmt":"2026-01-05T16:06:44","slug":"ca-roule-a-velemard-2025","status":"publish","type":"post","link":"https:\/\/concertationspe.qc.ca\/en\/ca-roule-a-velemard-2025\/","title":{"rendered":"\u00c7a roule \u00e0 V\u00e9l\u2019\u00c9mard 2025"},"content":{"rendered":"<p>Pour une deuxi\u00e8me ann\u00e9e cons\u00e9cutive, le comit\u00e9 Jeunesse a invit\u00e9 les \u00e9l\u00e8ves de sixi\u00e8me ann\u00e9e de trois \u00e9coles du quartier &#8211; Notre-Dame-du-Perp\u00e9tuel-Secours, C\u0153ur-Immacul\u00e9-de-Marie et Honor\u00e9-Mercier &#8211; a particip\u00e9 \u00e0 un projet v\u00e9lo.<\/p>\n\n\n\n<p><strong>Le projet<\/strong><\/p>\n\n\n\n<p>N\u00e9 de l\u2019initiative d\u2019un travailleur social et d\u2019une organisatrice communautaire du quartier, ce projet est devenu une action collective, concert\u00e9e et locale port\u00e9e par le comit\u00e9 Jeunesse de Concertation.<\/p>\n\n\n\n<p><strong>Les objectifs vis\u00e9s sont de &nbsp;:<\/strong><\/p>\n\n\n\n<ul class=\"wp-block-list\">\n<li>D\u00e9velopper de saines habitudes de vie<\/li>\n\n\n\n<li>Favoriser la pers\u00e9v\u00e9rance scolaire<\/li>\n\n\n\n<li>Faciliter la transition scolaire<\/li>\n\n\n\n<li>Cr\u00e9er un sentiment d\u2019appartenance au quartier<\/li>\n<\/ul>\n\n\n\n<p>D\u00e8s janvier 2025, un comit\u00e9 de travail s\u2019est mis en place pour organiser cette belle aventure. Il faut mentionner l\u2019implication des membres du comit\u00e9 de coordination&nbsp;: &nbsp;le Centre Monseigneur-Pigeon, le RESO-CJE, le TRAC, le CLSC et Concertation.<\/p>\n\n\n\n<p>Les \u00e9coles participantes ont promptement relay\u00e9 l\u2019information aux parents, ce qui a permis d\u2019organiser une premi\u00e8re rencontre en avril afin de pr\u00e9senter le projet et d\u00e9buter les inscriptions.<\/p>\n\n\n\n<p><strong>Les ateliers<\/strong><\/p>\n\n\n\n<p>Pendant sept jeudis apr\u00e8s leur journ\u00e9e d\u2019\u00e9cole, les jeunes ont particip\u00e9 \u00e0 des ateliers vari\u00e9s pour se pr\u00e9parer au grand parcours final. Au programme&nbsp;:<\/p>\n\n\n\n<ul class=\"wp-block-list\">\n<li>Nutrition et hydratation, anim\u00e9 par Nadia Bujold, nutrionniste<\/li>\n\n\n\n<li>M\u00e9canique et entretien du v\u00e9lo anim\u00e9 par un parent b\u00e9n\u00e9vole d\u2019exception, Jean-Fran\u00e7ois<\/li>\n\n\n\n<li>Pratique \u00e0 v\u00e9los&nbsp;: freinage, habilet\u00e9s, jeux et parcours<\/li>\n<\/ul>\n\n\n\n<p>Le comit\u00e9 Jeunesse souligne avec gratitude la participation de jeunes de l\u2019\u00e9cole secondaire, venus en soutien dans l\u2019animation de ces ateliers.<\/p>\n\n\n\n<p><strong>Le grand jour<\/strong><\/p>\n\n\n\n<p>Le dimanche 15 juin 2025, le rendez-vous a \u00e9t\u00e9 donn\u00e9 au Parc St-Paul d\u00e8s 9 h du matin pour la sortie v\u00e9lo tant attendu de 42.1 kilom\u00e8tres!<\/p>\n\n\n\n<p>37 jeunes cyclistes se sont pr\u00e9sent\u00e9s au kiosque d\u2019accueil et ont rejoint leur peloton et les encadreurs b\u00e9n\u00e9voles qui les ont accompagn\u00e9s tout au long de la journ\u00e9e.<\/p>\n\n\n\n<figure class=\"wp-block-gallery has-nested-images columns-default is-cropped wp-block-gallery-1 is-layout-flex wp-block-gallery-is-layout-flex\">\n<figure class=\"wp-block-image size-large\"><img fetchpriority=\"high\" decoding=\"async\" width=\"1024\" height=\"576\" data-id=\"6415\" src=\"https:\/\/concertationspe.qc.ca\/wp-content\/uploads\/2025\/08\/Depart-1024x576.png\" alt=\"Parc St-Paul\" class=\"wp-image-6415\" srcset=\"https:\/\/concertationspe.qc.ca\/wp-content\/uploads\/2025\/08\/Depart-1024x576.png 1024w, https:\/\/concertationspe.qc.ca\/wp-content\/uploads\/2025\/08\/Depart-300x169.png 300w, https:\/\/concertationspe.qc.ca\/wp-content\/uploads\/2025\/08\/Depart-768x432.png 768w, https:\/\/concertationspe.qc.ca\/wp-content\/uploads\/2025\/08\/Depart-18x10.png 18w, https:\/\/concertationspe.qc.ca\/wp-content\/uploads\/2025\/08\/Depart.png 1366w\" sizes=\"(max-width: 1024px) 100vw, 1024px\" \/><\/figure>\n\n\n\n<figure class=\"wp-block-image size-large\"><img decoding=\"async\" width=\"1024\" height=\"576\" data-id=\"6417\" src=\"https:\/\/concertationspe.qc.ca\/wp-content\/uploads\/2025\/08\/Peloton-1024x576.png\" alt=\"Cyclistes\" class=\"wp-image-6417\" srcset=\"https:\/\/concertationspe.qc.ca\/wp-content\/uploads\/2025\/08\/Peloton-1024x576.png 1024w, https:\/\/concertationspe.qc.ca\/wp-content\/uploads\/2025\/08\/Peloton-300x169.png 300w, https:\/\/concertationspe.qc.ca\/wp-content\/uploads\/2025\/08\/Peloton-768x432.png 768w, https:\/\/concertationspe.qc.ca\/wp-content\/uploads\/2025\/08\/Peloton-18x10.png 18w, https:\/\/concertationspe.qc.ca\/wp-content\/uploads\/2025\/08\/Peloton.png 1366w\" sizes=\"(max-width: 1024px) 100vw, 1024px\" \/><\/figure>\n<\/figure>\n\n\n\n<p>Apr\u00e8s un bon \u00e9chauffement, six pelotons ont pris le d\u00e9part.<\/p>\n\n\n\n<p><strong>Une logistique impressionnante&nbsp;: 38 b\u00e9n\u00e9voles mobilis\u00e9.es !<\/strong><\/p>\n\n\n\n<ul class=\"wp-block-list\">\n<li>Deux encadreurs par peleton<\/li>\n\n\n\n<li>Des cyclistes volants en renfort<\/li>\n\n\n\n<li>4 cadets du SPVM \u00e0 v\u00e9lo pour s\u00e9curiser les intersections<\/li>\n\n\n\n<li>Une voiture \u00ab&nbsp;m\u00e9canique&nbsp;\u00bb<\/li>\n\n\n\n<li>Une voiture \u00ab&nbsp;m\u00e9dicale&nbsp;\u00bb<\/li>\n\n\n\n<li>Deux points de ravitaillement pour l\u2019eau et les collations<\/li>\n\n\n\n<li>Un arr\u00eat repas pour reprendre des forces<\/li>\n\n\n\n<li>Un QG pour centraliser les informations<\/li>\n\n\n\n<li>Deux photographes mobiles<\/li>\n<\/ul>\n\n\n\n<figure class=\"wp-block-gallery has-nested-images columns-default is-cropped wp-block-gallery-2 is-layout-flex wp-block-gallery-is-layout-flex\">\n<figure class=\"wp-block-image size-large\"><img decoding=\"async\" width=\"1024\" height=\"576\" data-id=\"6414\" src=\"https:\/\/concertationspe.qc.ca\/wp-content\/uploads\/2025\/08\/Cyclistes-5-1024x576.png\" alt=\"Cyclistes \u00e0 Montr\u00e9al\" class=\"wp-image-6414\" srcset=\"https:\/\/concertationspe.qc.ca\/wp-content\/uploads\/2025\/08\/Cyclistes-5-1024x576.png 1024w, https:\/\/concertationspe.qc.ca\/wp-content\/uploads\/2025\/08\/Cyclistes-5-300x169.png 300w, https:\/\/concertationspe.qc.ca\/wp-content\/uploads\/2025\/08\/Cyclistes-5-768x432.png 768w, https:\/\/concertationspe.qc.ca\/wp-content\/uploads\/2025\/08\/Cyclistes-5-18x10.png 18w, https:\/\/concertationspe.qc.ca\/wp-content\/uploads\/2025\/08\/Cyclistes-5.png 1366w\" sizes=\"(max-width: 1024px) 100vw, 1024px\" \/><\/figure>\n\n\n\n<figure class=\"wp-block-image size-large\"><img loading=\"lazy\" decoding=\"async\" width=\"1024\" height=\"576\" data-id=\"6413\" src=\"https:\/\/concertationspe.qc.ca\/wp-content\/uploads\/2025\/08\/Cyclistes-4-1024x576.png\" alt=\"Cyclistes \u00e0 Montr\u00e9al\" class=\"wp-image-6413\" srcset=\"https:\/\/concertationspe.qc.ca\/wp-content\/uploads\/2025\/08\/Cyclistes-4-1024x576.png 1024w, https:\/\/concertationspe.qc.ca\/wp-content\/uploads\/2025\/08\/Cyclistes-4-300x169.png 300w, https:\/\/concertationspe.qc.ca\/wp-content\/uploads\/2025\/08\/Cyclistes-4-768x432.png 768w, https:\/\/concertationspe.qc.ca\/wp-content\/uploads\/2025\/08\/Cyclistes-4-18x10.png 18w, https:\/\/concertationspe.qc.ca\/wp-content\/uploads\/2025\/08\/Cyclistes-4.png 1366w\" sizes=\"(max-width: 1024px) 100vw, 1024px\" \/><\/figure>\n\n\n\n<figure class=\"wp-block-image size-large\"><img loading=\"lazy\" decoding=\"async\" width=\"1024\" height=\"576\" data-id=\"6412\" src=\"https:\/\/concertationspe.qc.ca\/wp-content\/uploads\/2025\/08\/Cyclistes-3-1024x576.png\" alt=\"Cyclistes \u00e0 Montr\u00e9al\" class=\"wp-image-6412\" srcset=\"https:\/\/concertationspe.qc.ca\/wp-content\/uploads\/2025\/08\/Cyclistes-3-1024x576.png 1024w, https:\/\/concertationspe.qc.ca\/wp-content\/uploads\/2025\/08\/Cyclistes-3-300x169.png 300w, https:\/\/concertationspe.qc.ca\/wp-content\/uploads\/2025\/08\/Cyclistes-3-768x432.png 768w, https:\/\/concertationspe.qc.ca\/wp-content\/uploads\/2025\/08\/Cyclistes-3-18x10.png 18w, https:\/\/concertationspe.qc.ca\/wp-content\/uploads\/2025\/08\/Cyclistes-3.png 1366w\" sizes=\"(max-width: 1024px) 100vw, 1024px\" \/><\/figure>\n\n\n\n<figure class=\"wp-block-image size-large\"><img loading=\"lazy\" decoding=\"async\" width=\"1024\" height=\"576\" data-id=\"6411\" src=\"https:\/\/concertationspe.qc.ca\/wp-content\/uploads\/2025\/08\/Cyclistes-2-1024x576.png\" alt=\"Cyclistes \u00e0 Montr\u00e9al\" class=\"wp-image-6411\" srcset=\"https:\/\/concertationspe.qc.ca\/wp-content\/uploads\/2025\/08\/Cyclistes-2-1024x576.png 1024w, https:\/\/concertationspe.qc.ca\/wp-content\/uploads\/2025\/08\/Cyclistes-2-300x169.png 300w, https:\/\/concertationspe.qc.ca\/wp-content\/uploads\/2025\/08\/Cyclistes-2-768x432.png 768w, https:\/\/concertationspe.qc.ca\/wp-content\/uploads\/2025\/08\/Cyclistes-2-18x10.png 18w, https:\/\/concertationspe.qc.ca\/wp-content\/uploads\/2025\/08\/Cyclistes-2.png 1366w\" sizes=\"(max-width: 1024px) 100vw, 1024px\" \/><\/figure>\n\n\n\n<figure class=\"wp-block-image size-large\"><img loading=\"lazy\" decoding=\"async\" width=\"1024\" height=\"576\" data-id=\"6410\" src=\"https:\/\/concertationspe.qc.ca\/wp-content\/uploads\/2025\/08\/Cyclistes-1-1024x576.png\" alt=\"Cyclistes \u00e0 Montr\u00e9al\" class=\"wp-image-6410\" srcset=\"https:\/\/concertationspe.qc.ca\/wp-content\/uploads\/2025\/08\/Cyclistes-1-1024x576.png 1024w, https:\/\/concertationspe.qc.ca\/wp-content\/uploads\/2025\/08\/Cyclistes-1-300x169.png 300w, https:\/\/concertationspe.qc.ca\/wp-content\/uploads\/2025\/08\/Cyclistes-1-768x432.png 768w, https:\/\/concertationspe.qc.ca\/wp-content\/uploads\/2025\/08\/Cyclistes-1-18x10.png 18w, https:\/\/concertationspe.qc.ca\/wp-content\/uploads\/2025\/08\/Cyclistes-1.png 1366w\" sizes=\"(max-width: 1024px) 100vw, 1024px\" \/><\/figure>\n<\/figure>\n\n\n\n<p><strong>Il faut tout un village pour \u00e9lever un enfant<\/strong><\/p>\n\n\n\n<p><strong>\u00c7a roule \u00e0 V\u00e9l\u2019\u00c9mard<\/strong> est un projet gratuit et ouvert \u00e0 tous les jeunes &#8211; avec ou sans v\u00e9lo, sachant p\u00e9daler ou non \u2013gr\u00e2ce<br>au &nbsp;:<\/p>\n\n\n\n<ul class=\"wp-block-list\">\n<li>Soutien financier de la Caisse Desjardins<\/li>\n\n\n\n<li>Don de collations de Maxi Laurendeau<\/li>\n\n\n\n<li>Pr\u00eat de 10 v\u00e9los et casques d\u2019Action-Gardien<\/li>\n\n\n\n<li>Don de v\u00e9los du Palais des Congr\u00e8s de Montr\u00e9al<\/li>\n<\/ul>\n\n\n\n<p><strong>\u00c7a roule \u00e0 V\u00e9l\u2019\u00c9mard<\/strong> est un projet mobilisateur de quartier, qui met en lumi\u00e8re l\u2019importance de l\u2019entourage dans le d\u00e9veloppement de l\u2019enfant. La fiert\u00e9 pouvait se voir sur le visage des jeunes cyclistes qui, deux mois plus t\u00f4t, n\u2019\u00e9taient jamais mont\u00e9.es sur un v\u00e9lo et qui \u00e9taient accueillis par le collectif d\u2019intervenant.es et de parents b\u00e9n\u00e9voles.<\/p>\n\n\n\n<figure class=\"wp-block-image size-large\"><img loading=\"lazy\" decoding=\"async\" width=\"1024\" height=\"576\" src=\"https:\/\/concertationspe.qc.ca\/wp-content\/uploads\/2025\/08\/Diiner-1024x576.png\" alt=\"Jeunes qui d\u00eenent au parc\" class=\"wp-image-6416\" srcset=\"https:\/\/concertationspe.qc.ca\/wp-content\/uploads\/2025\/08\/Diiner-1024x576.png 1024w, https:\/\/concertationspe.qc.ca\/wp-content\/uploads\/2025\/08\/Diiner-300x169.png 300w, https:\/\/concertationspe.qc.ca\/wp-content\/uploads\/2025\/08\/Diiner-768x432.png 768w, https:\/\/concertationspe.qc.ca\/wp-content\/uploads\/2025\/08\/Diiner-18x10.png 18w, https:\/\/concertationspe.qc.ca\/wp-content\/uploads\/2025\/08\/Diiner.png 1366w\" sizes=\"(max-width: 1024px) 100vw, 1024px\" \/><\/figure>","protected":false},"excerpt":{"rendered":"<p>Pour une deuxi\u00e8me ann\u00e9e cons\u00e9cutive, le comit\u00e9 Jeunesse a invit\u00e9 les \u00e9l\u00e8ves de sixi\u00e8me ann\u00e9e de trois \u00e9coles du quartier &#8211; Notre-Dame-du-Perp\u00e9tuel-Secours, C\u0153ur-Immacul\u00e9-de-Marie et Honor\u00e9-Mercier &#8211; a particip\u00e9 \u00e0 un projet v\u00e9lo. Le projet N\u00e9 de l\u2019initiative d\u2019un travailleur social et d\u2019une organisatrice communautaire du quartier, ce projet est devenu une action collective, concert\u00e9e et [&hellip;]<\/p>\n","protected":false},"author":4,"featured_media":0,"comment_status":"closed","ping_status":"closed","sticky":false,"template":"","format":"standard","meta":{"_jetpack_memberships_contains_paid_content":false,"footnotes":""},"categories":[2,74],"tags":[],"class_list":["post-6398","post","type-post","status-publish","format-standard","hentry","category-actualites","category-jeunesse"],"jetpack_featured_media_url":"","jetpack_sharing_enabled":true,"_links":{"self":[{"href":"https:\/\/concertationspe.qc.ca\/en\/wp-json\/wp\/v2\/posts\/6398","targetHints":{"allow":["GET"]}}],"collection":[{"href":"https:\/\/concertationspe.qc.ca\/en\/wp-json\/wp\/v2\/posts"}],"about":[{"href":"https:\/\/concertationspe.qc.ca\/en\/wp-json\/wp\/v2\/types\/post"}],"author":[{"embeddable":true,"href":"https:\/\/concertationspe.qc.ca\/en\/wp-json\/wp\/v2\/users\/4"}],"replies":[{"embeddable":true,"href":"https:\/\/concertationspe.qc.ca\/en\/wp-json\/wp\/v2\/comments?post=6398"}],"version-history":[{"count":3,"href":"https:\/\/concertationspe.qc.ca\/en\/wp-json\/wp\/v2\/posts\/6398\/revisions"}],"predecessor-version":[{"id":6418,"href":"https:\/\/concertationspe.qc.ca\/en\/wp-json\/wp\/v2\/posts\/6398\/revisions\/6418"}],"wp:attachment":[{"href":"https:\/\/concertationspe.qc.ca\/en\/wp-json\/wp\/v2\/media?parent=6398"}],"wp:term":[{"taxonomy":"category","embeddable":true,"href":"https:\/\/concertationspe.qc.ca\/en\/wp-json\/wp\/v2\/categories?post=6398"},{"taxonomy":"post_tag","embeddable":true,"href":"https:\/\/concertationspe.qc.ca\/en\/wp-json\/wp\/v2\/tags?post=6398"}],"curies":[{"name":"wp","href":"https:\/\/api.w.org\/{rel}","templated":true}]}}