{"id":6403,"date":"2025-08-08T14:07:03","date_gmt":"2025-08-08T14:07:03","guid":{"rendered":"https:\/\/concertationspe.qc.ca\/?p=6403"},"modified":"2026-01-05T16:06:44","modified_gmt":"2026-01-05T16:06:44","slug":"fete-estivale-2025","status":"publish","type":"post","link":"https:\/\/concertationspe.qc.ca\/en\/fete-estivale-2025\/","title":{"rendered":"F\u00eate Estivale 2025"},"content":{"rendered":"<p>Le 12 juillet dernier, au parc Ignace-Bourget, des personnes de diff\u00e9rentes g\u00e9n\u00e9rations de Ville-\u00c9mard \/ C\u00f4te St-Paul ainsi que 16 organismes du quartier se sont rencontr\u00e9s sous le chaud soleil de l\u2019\u00e9t\u00e9.<\/p>\n\n\n\n<p>C\u2019\u00e9tait la 8<sup>e<\/sup> \u00e9dition de la f\u00eate qui est un projet port\u00e9 par Concertation Ville-\u00c9mard\/C\u00f4te St-Paul en collaboration avec l\u2019Arrondissement du Sud-Ouest de la Ville de Montr\u00e9al. Le spectacle de magie et de cirque de Blinko a ouvert la f\u00eate au grand plaisir des petits et de leurs familles. Au m\u00eame moment, 13 participants de <a href=\"https:\/\/www.marche-sante.org\/post\/f%C3%AAte-de-quartier-ville-%C3%A9mard-c%C3%B4te-st-paul\">Marche Sant\u00e9<\/a> ont d\u00e9but\u00e9 une promenade du parc Angrignon jusqu\u2019\u00e0 la f\u00eate. Vous pouvez lire leur aventure dans leur blog.<\/p>\n\n\n\n<figure class=\"wp-block-image size-large\"><img fetchpriority=\"high\" decoding=\"async\" width=\"1024\" height=\"576\" src=\"https:\/\/concertationspe.qc.ca\/wp-content\/uploads\/2025\/08\/Blinko-m-1024x576.png\" alt=\"Sc\u00e8ne avec artiste et assistance\" class=\"wp-image-6404\" srcset=\"https:\/\/concertationspe.qc.ca\/wp-content\/uploads\/2025\/08\/Blinko-m-1024x576.png 1024w, https:\/\/concertationspe.qc.ca\/wp-content\/uploads\/2025\/08\/Blinko-m-300x169.png 300w, https:\/\/concertationspe.qc.ca\/wp-content\/uploads\/2025\/08\/Blinko-m-768x432.png 768w, https:\/\/concertationspe.qc.ca\/wp-content\/uploads\/2025\/08\/Blinko-m-18x10.png 18w, https:\/\/concertationspe.qc.ca\/wp-content\/uploads\/2025\/08\/Blinko-m.png 1366w\" sizes=\"(max-width: 1024px) 100vw, 1024px\" \/><\/figure>\n\n\n\n<p>\u00c0 midi, c\u2019\u00e9tait la ru\u00e9e au coin BBQ o\u00f9 600 hots dogs et 300 plats de tortellinis ont \u00e9t\u00e9 servis.&nbsp; L\u2019Association des familles calabraises ont confectionn\u00e9 les p\u00e2tes en plus de donner un grand coup de mains au service en compagnie du Maire d\u2019arrondissement Benoit Dorais. Au m\u00eame moment, Natacha Poudrier a anim\u00e9 une Zumba bien rythm\u00e9e.<\/p>\n\n\n\n<figure class=\"wp-block-image size-large\"><img decoding=\"async\" width=\"1024\" height=\"576\" src=\"https:\/\/concertationspe.qc.ca\/wp-content\/uploads\/2025\/08\/Coin-BBQ-m-1024x576.png\" alt=\"BBQ\" class=\"wp-image-6406\" srcset=\"https:\/\/concertationspe.qc.ca\/wp-content\/uploads\/2025\/08\/Coin-BBQ-m-1024x576.png 1024w, https:\/\/concertationspe.qc.ca\/wp-content\/uploads\/2025\/08\/Coin-BBQ-m-300x169.png 300w, https:\/\/concertationspe.qc.ca\/wp-content\/uploads\/2025\/08\/Coin-BBQ-m-768x432.png 768w, https:\/\/concertationspe.qc.ca\/wp-content\/uploads\/2025\/08\/Coin-BBQ-m-18x10.png 18w, https:\/\/concertationspe.qc.ca\/wp-content\/uploads\/2025\/08\/Coin-BBQ-m.png 1366w\" sizes=\"(max-width: 1024px) 100vw, 1024px\" \/><\/figure>\n\n\n\n<p>Apr\u00e8s le d\u00eener, la Chorale, Italie abrit\u00e9e sous les arbres et entour\u00e9e d\u2019une assistance intime, a pr\u00e9sent\u00e9 diverses chansons du r\u00e9pertoire classique, de th\u00e8mes musicaux du monde de Disney et des chansons qu\u00e9b\u00e9coises de Gerry Boulet et Willie Lamothe.<\/p>\n\n\n\n<figure class=\"wp-block-image size-large\"><img decoding=\"async\" width=\"1024\" height=\"576\" src=\"https:\/\/concertationspe.qc.ca\/wp-content\/uploads\/2025\/08\/Chorale-Italie-m-1024x576.png\" alt=\"Chorale\" class=\"wp-image-6405\" srcset=\"https:\/\/concertationspe.qc.ca\/wp-content\/uploads\/2025\/08\/Chorale-Italie-m-1024x576.png 1024w, https:\/\/concertationspe.qc.ca\/wp-content\/uploads\/2025\/08\/Chorale-Italie-m-300x169.png 300w, https:\/\/concertationspe.qc.ca\/wp-content\/uploads\/2025\/08\/Chorale-Italie-m-768x432.png 768w, https:\/\/concertationspe.qc.ca\/wp-content\/uploads\/2025\/08\/Chorale-Italie-m-18x10.png 18w, https:\/\/concertationspe.qc.ca\/wp-content\/uploads\/2025\/08\/Chorale-Italie-m.png 1366w\" sizes=\"(max-width: 1024px) 100vw, 1024px\" \/><\/figure>\n\n\n\n<p>Offrir un moment de rencontre et favoriser le sentiment d\u2019appartenance dans le quartier est l\u2019objectif vis\u00e9 par cette f\u00eate de quartier o\u00f9 toutes les activit\u00e9s sont gratuites. En plus du bricolage, du maquillage, du jeu gonflable, des animations et de la nourriture, 16 organismes ont pr\u00e9sent\u00e9 leurs services en animant des kiosques ludiques et g\u00e9n\u00e9reux en g\u00e2teries comme de la limonade, des fruits frais et des gaufres. Nous remercions chaleureusement les organismes qui \u00e9taient pr\u00e9sents&nbsp;:<\/p>\n\n\n\n<ul class=\"wp-block-list\">\n<li>Amis du Parc Angrignon<\/li>\n\n\n\n<li>Association des familles calabraises<\/li>\n\n\n\n<li>Biblioth\u00e8que Marie-Uguay<\/li>\n\n\n\n<li>Centre d\u2019aide \u00e0 la r\u00e9ussite et au d\u00e9veloppement (CARD)<\/li>\n\n\n\n<li>CIUSS du Centre Sud-de l\u2019\u00cele de Montr\u00e9al<\/li>\n\n\n\n<li>GRAME<\/li>\n\n\n\n<li>Groupe Pro-Vert<\/li>\n\n\n\n<li>Pr\u00e9vention Sud-Ouest<\/li>\n\n\n\n<li>Maison des jeunes Radoactifs<\/li>\n\n\n\n<li>Maison R\u00e9pit Oasis<\/li>\n\n\n\n<li>Regroupement des organismes pour a\u00een\u00e9.es du Sud-Ouest (ROPASOM)<\/li>\n\n\n\n<li>Regroupement \u00e9conomique et social du Sud-Ouest et Carrefour Jeunesse Emploi (RESO-CJE)<\/li>\n\n\n\n<li>Le GRAME<\/li>\n\n\n\n<li>Services b\u00e9n\u00e9voles aux a\u00een\u00e9s de Ville-\u00c9mard \/ C\u00f4te St-Paul (SBA)<\/li>\n\n\n\n<li>Service de police de la ville de Montr\u00e9al (Poste 15)<\/li>\n\n\n\n<li>Station Familles<\/li>\n\n\n\n<li>Travail de rue et d\u2019action communautaire (TRAC)<\/li>\n<\/ul>\n\n\n\n<p>Le <a href=\"https:\/\/www.facebook.com\/info.refuge.so\">Refuge pour poissons et reptiles du Sud-Ouest<\/a> a amen\u00e9 une tente sur le site de la f\u00eate pour pr\u00e9senter ses serpents, l\u00e9zards et dragons barbus qui peuvent \u00eatre adopt\u00e9s.<\/p>\n\n\n\n<figure class=\"wp-block-image size-large\"><img loading=\"lazy\" decoding=\"async\" width=\"1024\" height=\"576\" src=\"https:\/\/concertationspe.qc.ca\/wp-content\/uploads\/2025\/08\/Refuge-m-1024x576.png\" alt=\"Dragon barbu et serpent\" class=\"wp-image-6407\" srcset=\"https:\/\/concertationspe.qc.ca\/wp-content\/uploads\/2025\/08\/Refuge-m-1024x576.png 1024w, https:\/\/concertationspe.qc.ca\/wp-content\/uploads\/2025\/08\/Refuge-m-300x169.png 300w, https:\/\/concertationspe.qc.ca\/wp-content\/uploads\/2025\/08\/Refuge-m-768x432.png 768w, https:\/\/concertationspe.qc.ca\/wp-content\/uploads\/2025\/08\/Refuge-m-18x10.png 18w, https:\/\/concertationspe.qc.ca\/wp-content\/uploads\/2025\/08\/Refuge-m.png 1366w\" sizes=\"(max-width: 1024px) 100vw, 1024px\" \/><\/figure>\n\n\n\n<p>La f\u00eate s\u2019est termin\u00e9e \u00e0 15 heures par le tirage de cornets de cr\u00e8me glac\u00e9e offerts par la cr\u00e8merie artisanale de Ville-\u00c9mard&nbsp;: <a href=\"https:\/\/www.instagram.com\/gagaglaces\/?hl=fr\">Gaga Glace<\/a>.<\/p>\n\n\n\n<p>L\u2019\u00e9quipe de Radio Station Angrignon du CARD a r\u00e9alis\u00e9 une <a href=\"https:\/\/www.youtube.com\/watch?v=qsd5FJq-XPw\">vid\u00e9o<\/a> des meilleurs moments de la F\u00eate Estivale.<\/p>\n\n\n\n<p><\/p>","protected":false},"excerpt":{"rendered":"<p>Le 12 juillet dernier, au parc Ignace-Bourget, des personnes de diff\u00e9rentes g\u00e9n\u00e9rations de Ville-\u00c9mard \/ C\u00f4te St-Paul ainsi que 16 organismes du quartier se sont rencontr\u00e9s sous le chaud soleil de l\u2019\u00e9t\u00e9. C\u2019\u00e9tait la 8e \u00e9dition de la f\u00eate qui est un projet port\u00e9 par Concertation Ville-\u00c9mard\/C\u00f4te St-Paul en collaboration avec l\u2019Arrondissement du Sud-Ouest de [&hellip;]<\/p>\n","protected":false},"author":4,"featured_media":0,"comment_status":"closed","ping_status":"closed","sticky":false,"template":"","format":"standard","meta":{"_jetpack_memberships_contains_paid_content":false,"footnotes":""},"categories":[73],"tags":[],"class_list":["post-6403","post","type-post","status-publish","format-standard","hentry","category-evenements"],"jetpack_featured_media_url":"","jetpack_sharing_enabled":true,"_links":{"self":[{"href":"https:\/\/concertationspe.qc.ca\/en\/wp-json\/wp\/v2\/posts\/6403","targetHints":{"allow":["GET"]}}],"collection":[{"href":"https:\/\/concertationspe.qc.ca\/en\/wp-json\/wp\/v2\/posts"}],"about":[{"href":"https:\/\/concertationspe.qc.ca\/en\/wp-json\/wp\/v2\/types\/post"}],"author":[{"embeddable":true,"href":"https:\/\/concertationspe.qc.ca\/en\/wp-json\/wp\/v2\/users\/4"}],"replies":[{"embeddable":true,"href":"https:\/\/concertationspe.qc.ca\/en\/wp-json\/wp\/v2\/comments?post=6403"}],"version-history":[{"count":5,"href":"https:\/\/concertationspe.qc.ca\/en\/wp-json\/wp\/v2\/posts\/6403\/revisions"}],"predecessor-version":[{"id":6422,"href":"https:\/\/concertationspe.qc.ca\/en\/wp-json\/wp\/v2\/posts\/6403\/revisions\/6422"}],"wp:attachment":[{"href":"https:\/\/concertationspe.qc.ca\/en\/wp-json\/wp\/v2\/media?parent=6403"}],"wp:term":[{"taxonomy":"category","embeddable":true,"href":"https:\/\/concertationspe.qc.ca\/en\/wp-json\/wp\/v2\/categories?post=6403"},{"taxonomy":"post_tag","embeddable":true,"href":"https:\/\/concertationspe.qc.ca\/en\/wp-json\/wp\/v2\/tags?post=6403"}],"curies":[{"name":"wp","href":"https:\/\/api.w.org\/{rel}","templated":true}]}}