{"id":6429,"date":"2025-09-02T18:38:34","date_gmt":"2025-09-02T18:38:34","guid":{"rendered":"https:\/\/concertationspe.qc.ca\/?p=6429"},"modified":"2026-01-05T16:06:44","modified_gmt":"2026-01-05T16:06:44","slug":"offre-demploi-agent-e-de-developpement-en-securite-alimentaire","status":"publish","type":"post","link":"https:\/\/concertationspe.qc.ca\/en\/offre-demploi-agent-e-de-developpement-en-securite-alimentaire\/","title":{"rendered":"Offre d&#8217;emploi : Agent.e de d\u00e9veloppement en s\u00e9curit\u00e9 alimentaire"},"content":{"rendered":"<figure class=\"wp-block-image size-large\"><img fetchpriority=\"high\" decoding=\"async\" width=\"724\" height=\"1024\" src=\"https:\/\/concertationspe.qc.ca\/wp-content\/uploads\/2025\/09\/Agent-developpement-Securite-alimentaire-sept-2025-724x1024.jpg\" alt=\"\" class=\"wp-image-6430\" srcset=\"https:\/\/concertationspe.qc.ca\/wp-content\/uploads\/2025\/09\/Agent-developpement-Securite-alimentaire-sept-2025-724x1024.jpg 724w, https:\/\/concertationspe.qc.ca\/wp-content\/uploads\/2025\/09\/Agent-developpement-Securite-alimentaire-sept-2025-212x300.jpg 212w, https:\/\/concertationspe.qc.ca\/wp-content\/uploads\/2025\/09\/Agent-developpement-Securite-alimentaire-sept-2025-768x1086.jpg 768w, https:\/\/concertationspe.qc.ca\/wp-content\/uploads\/2025\/09\/Agent-developpement-Securite-alimentaire-sept-2025-1086x1536.jpg 1086w, https:\/\/concertationspe.qc.ca\/wp-content\/uploads\/2025\/09\/Agent-developpement-Securite-alimentaire-sept-2025-8x12.jpg 8w, https:\/\/concertationspe.qc.ca\/wp-content\/uploads\/2025\/09\/Agent-developpement-Securite-alimentaire-sept-2025.jpg 1414w\" sizes=\"(max-width: 724px) 100vw, 724px\" \/><\/figure>","protected":false},"excerpt":{"rendered":"","protected":false},"author":4,"featured_media":0,"comment_status":"closed","ping_status":"","sticky":false,"template":"","format":"standard","meta":{"_jetpack_memberships_contains_paid_content":false,"footnotes":""},"categories":[6],"tags":[],"class_list":["post-6429","post","type-post","status-publish","format-standard","hentry","category-offre-demploi-2"],"jetpack_featured_media_url":"","jetpack_sharing_enabled":true,"_links":{"self":[{"href":"https:\/\/concertationspe.qc.ca\/en\/wp-json\/wp\/v2\/posts\/6429","targetHints":{"allow":["GET"]}}],"collection":[{"href":"https:\/\/concertationspe.qc.ca\/en\/wp-json\/wp\/v2\/posts"}],"about":[{"href":"https:\/\/concertationspe.qc.ca\/en\/wp-json\/wp\/v2\/types\/post"}],"author":[{"embeddable":true,"href":"https:\/\/concertationspe.qc.ca\/en\/wp-json\/wp\/v2\/users\/4"}],"replies":[{"embeddable":true,"href":"https:\/\/concertationspe.qc.ca\/en\/wp-json\/wp\/v2\/comments?post=6429"}],"version-history":[{"count":1,"href":"https:\/\/concertationspe.qc.ca\/en\/wp-json\/wp\/v2\/posts\/6429\/revisions"}],"predecessor-version":[{"id":6431,"href":"https:\/\/concertationspe.qc.ca\/en\/wp-json\/wp\/v2\/posts\/6429\/revisions\/6431"}],"wp:attachment":[{"href":"https:\/\/concertationspe.qc.ca\/en\/wp-json\/wp\/v2\/media?parent=6429"}],"wp:term":[{"taxonomy":"category","embeddable":true,"href":"https:\/\/concertationspe.qc.ca\/en\/wp-json\/wp\/v2\/categories?post=6429"},{"taxonomy":"post_tag","embeddable":true,"href":"https:\/\/concertationspe.qc.ca\/en\/wp-json\/wp\/v2\/tags?post=6429"}],"curies":[{"name":"wp","href":"https:\/\/api.w.org\/{rel}","templated":true}]}}