{"id":6507,"date":"2025-10-23T21:12:33","date_gmt":"2025-10-23T21:12:33","guid":{"rendered":"https:\/\/concertationspe.qc.ca\/?p=6507"},"modified":"2026-01-05T16:06:43","modified_gmt":"2026-01-05T16:06:43","slug":"operation-sac-a-dos-2025-154-familles","status":"publish","type":"post","link":"https:\/\/concertationspe.qc.ca\/en\/operation-sac-a-dos-2025-154-familles\/","title":{"rendered":"Op\u00e9ration Sac \u00e0 dos 2025"},"content":{"rendered":"<div data-elementor-type=\"wp-post\" data-elementor-id=\"6507\" class=\"elementor elementor-6507\" data-elementor-post-type=\"post\">\n\t\t\t\t\t\t<section class=\"elementor-section elementor-top-section elementor-element elementor-element-fe4a9ca elementor-section-boxed elementor-section-height-default elementor-section-height-default\" data-id=\"fe4a9ca\" data-element_type=\"section\" data-e-type=\"section\">\n\t\t\t\t\t\t<div class=\"elementor-container elementor-column-gap-default\">\n\t\t\t\t\t<div class=\"elementor-column elementor-col-100 elementor-top-column elementor-element elementor-element-846b838\" data-id=\"846b838\" data-element_type=\"column\" data-e-type=\"column\">\n\t\t\t<div class=\"elementor-widget-wrap elementor-element-populated\">\n\t\t\t\t\t\t<div class=\"elementor-element elementor-element-6a20ee3 elementor-widget elementor-widget-text-editor\" data-id=\"6a20ee3\" data-element_type=\"widget\" data-e-type=\"widget\" data-widget_type=\"text-editor.default\">\n\t\t\t\t<div class=\"elementor-widget-container\">\n\t\t\t\t\t\t\t\t\t<p>Op\u00e9ration Sac \u00e0 dos existe \u00e0 Ville-\u00c9mard \/ C\u00f4te St-Paul depuis deux ans. Ce programme soutient la r\u00e9ussite \u00e9ducative des enfants et aide les familles qui peinent \u00e0 faire face aux d\u00e9penses li\u00e9es \u00e0 la rentr\u00e9e scolaire.<\/p><p>Concertation porte le programme en collaboration avec le Regroupement Partage et le Comit\u00e9 de rapprochement interculturel.\u00a0<\/p><p>Cette ann\u00e9e, 10 organismes membres de Concertation ont form\u00e9 un comit\u00e9 organisateur et ont travaill\u00e9 ensemble pour offrir des sacs \u00e0 dos et des fournitures scolaires \u00e0 270 enfants du quartier. Un intervenant communautaire scolaire a fait le lien entre les organismes, les \u00e9coles et les familles du quartier.<\/p>\t\t\t\t\t\t\t\t<\/div>\n\t\t\t\t<\/div>\n\t\t\t\t<div class=\"elementor-element elementor-element-bcd3558 elementor-widget elementor-widget-image\" data-id=\"bcd3558\" data-element_type=\"widget\" data-e-type=\"widget\" data-widget_type=\"image.default\">\n\t\t\t\t<div class=\"elementor-widget-container\">\n\t\t\t\t\t\t\t\t\t\t\t\t\t\t\t<img fetchpriority=\"high\" decoding=\"async\" width=\"800\" height=\"441\" src=\"https:\/\/concertationspe.qc.ca\/wp-content\/uploads\/2025\/10\/Benevoles-1024x565.jpg\" class=\"attachment-large size-large wp-image-6509\" alt=\"B\u00e9n\u00e9voles Op\u00e9ration Sac \u00e0 dos Ville-\u00c9mard \/ C\u00f4te St-Paul\" srcset=\"https:\/\/concertationspe.qc.ca\/wp-content\/uploads\/2025\/10\/Benevoles-1024x565.jpg 1024w, https:\/\/concertationspe.qc.ca\/wp-content\/uploads\/2025\/10\/Benevoles-300x166.jpg 300w, https:\/\/concertationspe.qc.ca\/wp-content\/uploads\/2025\/10\/Benevoles-768x424.jpg 768w, https:\/\/concertationspe.qc.ca\/wp-content\/uploads\/2025\/10\/Benevoles-1536x848.jpg 1536w, https:\/\/concertationspe.qc.ca\/wp-content\/uploads\/2025\/10\/Benevoles-2048x1131.jpg 2048w, https:\/\/concertationspe.qc.ca\/wp-content\/uploads\/2025\/10\/Benevoles-18x10.jpg 18w\" sizes=\"(max-width: 800px) 100vw, 800px\" \/>\t\t\t\t\t\t\t\t\t\t\t\t\t\t\t<\/div>\n\t\t\t\t<\/div>\n\t\t\t\t<div class=\"elementor-element elementor-element-cdb0b09 elementor-widget elementor-widget-image\" data-id=\"cdb0b09\" data-element_type=\"widget\" data-e-type=\"widget\" data-widget_type=\"image.default\">\n\t\t\t\t<div class=\"elementor-widget-container\">\n\t\t\t\t\t\t\t\t\t\t\t\t\t\t\t<img decoding=\"async\" width=\"800\" height=\"360\" src=\"https:\/\/concertationspe.qc.ca\/wp-content\/uploads\/2025\/10\/Disposition-plan-de-salle-1024x461.jpg\" class=\"attachment-large size-large wp-image-6510\" alt=\"Disposition des sacs \u00e0 dos et des fournitures scolaires\" srcset=\"https:\/\/concertationspe.qc.ca\/wp-content\/uploads\/2025\/10\/Disposition-plan-de-salle-1024x461.jpg 1024w, https:\/\/concertationspe.qc.ca\/wp-content\/uploads\/2025\/10\/Disposition-plan-de-salle-300x135.jpg 300w, https:\/\/concertationspe.qc.ca\/wp-content\/uploads\/2025\/10\/Disposition-plan-de-salle-768x346.jpg 768w, https:\/\/concertationspe.qc.ca\/wp-content\/uploads\/2025\/10\/Disposition-plan-de-salle-1536x692.jpg 1536w, https:\/\/concertationspe.qc.ca\/wp-content\/uploads\/2025\/10\/Disposition-plan-de-salle-2048x922.jpg 2048w, https:\/\/concertationspe.qc.ca\/wp-content\/uploads\/2025\/10\/Disposition-plan-de-salle-18x8.jpg 18w\" sizes=\"(max-width: 800px) 100vw, 800px\" \/>\t\t\t\t\t\t\t\t\t\t\t\t\t\t\t<\/div>\n\t\t\t\t<\/div>\n\t\t\t\t<div class=\"elementor-element elementor-element-c576edf elementor-widget elementor-widget-text-editor\" data-id=\"c576edf\" data-element_type=\"widget\" data-e-type=\"widget\" data-widget_type=\"text-editor.default\">\n\t\t\t\t<div class=\"elementor-widget-container\">\n\t\t\t\t\t\t\t\t\t<p>La journ\u00e9e de distribution a eu lieu une semaine avant la rentr\u00e9e scolaire au Centre de loisirs Monseigneur Pigeon. Les familles ont \u00e9t\u00e9 accueillies dans une ambiance festive. Des activit\u00e9s vari\u00e9es leurs ont \u00e9t\u00e9 propos\u00e9es : coin lecture, confection d&rsquo;un porte-cl\u00e9 en argile et de bracelets, dessins, tatous, collations et breuvages. La biblioth\u00e8que Marie-Uguay \u00e9tait pr\u00e9sente pour faire des inscriptions et des suggestions de lectures.<\/p><p>Des intervenantes et des intervenants des organismes membres ont particip\u00e9 \u00e0 cette journ\u00e9e pour aider les enfants \u00e0 choisir leur sacs \u00e0 dos et fournitures scolaires et donner des informations et des r\u00e9f\u00e9rences aux parents. Des personnes du quartier ainsi que des parents b\u00e9n\u00e9ficiaires ont aussi \u00e9t\u00e9 b\u00e9n\u00e9voles lors de la journ\u00e9e de distribution.<\/p><p>Le comit\u00e9 organisateur de l&rsquo;Op\u00e9ration Sac \u00e0 dos Ville-\u00c9mard\/C\u00f4te St-Paul remercie le soutien financier des donateurs qui a permis de bonifier les fournitures scolaires offertes par le Regroupement Partage :<\/p><ul><li>Benoit Dorais &#8211; Maire d&rsquo;arrondissement du Conseil d&rsquo;arrondissement du Sud-Ouest<\/li><li>Guillaume Cliche-Rivard &#8211; D\u00e9put\u00e9 provincial de Saint-Henri-Sainte-Anne<\/li><li>Desjardins &#8211; Caisse du Sud-Ouest de Montr\u00e9al<\/li><\/ul><div>\u00a0<\/div><div>De plus, les b\u00e9n\u00e9voles ont pu faire une pause d\u00eener gr\u00e2ce \u00e0 la commandite offerte par Poulet Rouge &#8211; Carrefour Angrignon LaSalle.<\/div><div>\u00a0<\/div><div><p>Concertation remercie les organismes membres pour leur participation dans ce projet :<\/p><ul><li>Alternatives communautaires d&rsquo;habitation et d&rsquo;intervention de milieu, ACHIM<\/li><li><span style=\"background-color: var( --e-global-color-68319a9 );\">Centre d&rsquo;aide \u00e0 la r\u00e9ussite et au d\u00e9veloppement, CARD<\/span><\/li><li><span style=\"background-color: var( --e-global-color-68319a9 );\">Centre de loisirs Monseigneur Pigeon<\/span><\/li><li><span style=\"background-color: var( --e-global-color-68319a9 );\">CIUSSS du Centre-Sud-de-l&rsquo;\u00cele de Montr\u00e9al<\/span><\/li><li><span style=\"background-color: var( --e-global-color-68319a9 );\">Centre social d&rsquo;aide aux immigrants, CSAI<\/span><\/li><li><span style=\"background-color: var( --e-global-color-68319a9 );\">Centre de service scolaire de Montr\u00e9al, CSSDM<\/span><\/li><li><span style=\"background-color: var( --e-global-color-68319a9 );\">Maison d\u2019Entraide St-Paul &amp; \u00c9mard<\/span><\/li><li><span style=\"background-color: var( --e-global-color-68319a9 );\">Maison R\u00e9pit Oasis<\/span><\/li><li>Pr\u00e9vention Sud-Ouest<\/li><li><span style=\"background-color: var( --e-global-color-68319a9 );\">L&rsquo;\u00e9cole des parents du RESO-CJESO<\/span><\/li><li>Soci\u00e9t\u00e9 Saint-Vincent de Paul<\/li><li><span style=\"background-color: var( --e-global-color-68319a9 );\">Station Familles<\/span><\/li><\/ul><\/div>\t\t\t\t\t\t\t\t<\/div>\n\t\t\t\t<\/div>\n\t\t\t\t\t<\/div>\n\t\t<\/div>\n\t\t\t\t\t<\/div>\n\t\t<\/section>\n\t\t\t\t<\/div>","protected":false},"excerpt":{"rendered":"<p>Op\u00e9ration Sac \u00e0 dos existe \u00e0 Ville-\u00c9mard \/ C\u00f4te St-Paul depuis deux ans. Ce programme soutient la r\u00e9ussite \u00e9ducative des enfants et aide les familles qui peinent \u00e0 faire face aux d\u00e9penses li\u00e9es \u00e0 la rentr\u00e9e scolaire. Concertation porte le programme en collaboration avec le Regroupement Partage et le Comit\u00e9 de rapprochement interculturel.\u00a0 Cette ann\u00e9e, [&hellip;]<\/p>\n","protected":false},"author":4,"featured_media":0,"comment_status":"closed","ping_status":"","sticky":false,"template":"","format":"standard","meta":{"_jetpack_memberships_contains_paid_content":false,"footnotes":""},"categories":[2],"tags":[],"class_list":["post-6507","post","type-post","status-publish","format-standard","hentry","category-actualites"],"jetpack_featured_media_url":"","jetpack_sharing_enabled":true,"_links":{"self":[{"href":"https:\/\/concertationspe.qc.ca\/en\/wp-json\/wp\/v2\/posts\/6507","targetHints":{"allow":["GET"]}}],"collection":[{"href":"https:\/\/concertationspe.qc.ca\/en\/wp-json\/wp\/v2\/posts"}],"about":[{"href":"https:\/\/concertationspe.qc.ca\/en\/wp-json\/wp\/v2\/types\/post"}],"author":[{"embeddable":true,"href":"https:\/\/concertationspe.qc.ca\/en\/wp-json\/wp\/v2\/users\/4"}],"replies":[{"embeddable":true,"href":"https:\/\/concertationspe.qc.ca\/en\/wp-json\/wp\/v2\/comments?post=6507"}],"version-history":[{"count":5,"href":"https:\/\/concertationspe.qc.ca\/en\/wp-json\/wp\/v2\/posts\/6507\/revisions"}],"predecessor-version":[{"id":6538,"href":"https:\/\/concertationspe.qc.ca\/en\/wp-json\/wp\/v2\/posts\/6507\/revisions\/6538"}],"wp:attachment":[{"href":"https:\/\/concertationspe.qc.ca\/en\/wp-json\/wp\/v2\/media?parent=6507"}],"wp:term":[{"taxonomy":"category","embeddable":true,"href":"https:\/\/concertationspe.qc.ca\/en\/wp-json\/wp\/v2\/categories?post=6507"},{"taxonomy":"post_tag","embeddable":true,"href":"https:\/\/concertationspe.qc.ca\/en\/wp-json\/wp\/v2\/tags?post=6507"}],"curies":[{"name":"wp","href":"https:\/\/api.w.org\/{rel}","templated":true}]}}