{"id":6563,"date":"2025-11-19T20:09:01","date_gmt":"2025-11-19T20:09:01","guid":{"rendered":"https:\/\/concertationspe.qc.ca\/?p=6563"},"modified":"2026-01-05T16:06:43","modified_gmt":"2026-01-05T16:06:43","slug":"22-annees-de-revitalisation-urbaine-integree-rui","status":"publish","type":"post","link":"https:\/\/concertationspe.qc.ca\/en\/22-annees-de-revitalisation-urbaine-integree-rui\/","title":{"rendered":"22 ann\u00e9es de Revitalisation Urbaine Int\u00e9gr\u00e9e (RUI)!"},"content":{"rendered":"<div data-elementor-type=\"wp-post\" data-elementor-id=\"6563\" class=\"elementor elementor-6563\" data-elementor-post-type=\"post\">\n\t\t\t\t\t\t<section class=\"elementor-section elementor-top-section elementor-element elementor-element-16dbed00 elementor-section-boxed elementor-section-height-default elementor-section-height-default\" data-id=\"16dbed00\" data-element_type=\"section\" data-e-type=\"section\">\n\t\t\t\t\t\t<div class=\"elementor-container elementor-column-gap-default\">\n\t\t\t\t\t<div class=\"elementor-column elementor-col-100 elementor-top-column elementor-element elementor-element-5190964a\" data-id=\"5190964a\" data-element_type=\"column\" data-e-type=\"column\">\n\t\t\t<div class=\"elementor-widget-wrap elementor-element-populated\">\n\t\t\t\t\t\t<div class=\"elementor-element elementor-element-75c6ca63 elementor-widget elementor-widget-text-editor\" data-id=\"75c6ca63\" data-element_type=\"widget\" data-e-type=\"widget\" data-widget_type=\"text-editor.default\">\n\t\t\t\t<div class=\"elementor-widget-container\">\n\t\t\t\t\t\t\t\t\t<p><\/p>\n<p><strong>Le programme de la RUI a transform\u00e9 le quartier Galt au cours des 22 derni\u00e8res ann\u00e9es.&nbsp; Les principaux acteur.trices de la mise en \u0153uvre du programme, les organismes et les citoyen.nes ont particip\u00e9 \u00e0 un rallye&nbsp;de d\u00e9couverte et \u00e0 une f\u00eate<\/strong> <strong>le 19 septembre 2025.<\/strong><\/p>\n<p><\/p>\n<p>Tout d&rsquo;abord, les citoyen.nes \u00e9taient invit\u00e9.es \u00e0 participer au&nbsp;<strong>Rallye de la&nbsp;RUI<\/strong>.&nbsp;Il s&rsquo;agissait d&rsquo;un parcours \u00e0 travers le quartier qui faisait (re)d\u00e9couvrir des lieux transform\u00e9s gr\u00e2ce au programme de la RUI. Le d\u00e9part se d\u00e9roulait au Chalet du Parc De La V\u00e9rendrye.<\/p>\n<p><\/p>\n<p>La vingtaine de participant.es a ainsi pu d\u00e9couvrir cinq lieux diff\u00e9rents : \u00e0 chaque point de passage, une pr\u00e9sentation des transformations r\u00e9alis\u00e9es et une activit\u00e9 les attendaient. Concertation remercie les volontaires qui ont anim\u00e9 les stations avec enthousiasme et \u00e9nergie ainsi que&nbsp;<strong>Marche sant\u00e9<\/strong>&nbsp;organis\u00e9e par le ROPASOM d&rsquo;avoir particip\u00e9 \u00e0 l&rsquo;\u00e9v\u00e9nement !<\/p>\n<p><\/p>\n<figure class=\"wp-block-image size-large\"><img fetchpriority=\"high\" decoding=\"async\" width=\"1024\" height=\"681\" class=\"wp-image-6564\" src=\"https:\/\/concertationspe.qc.ca\/wp-content\/uploads\/2025\/11\/54804294622_dfda8a98a6_o-1024x681.jpg\" alt=\"\" srcset=\"https:\/\/concertationspe.qc.ca\/wp-content\/uploads\/2025\/11\/54804294622_dfda8a98a6_o-1024x681.jpg 1024w, https:\/\/concertationspe.qc.ca\/wp-content\/uploads\/2025\/11\/54804294622_dfda8a98a6_o-300x200.jpg 300w, https:\/\/concertationspe.qc.ca\/wp-content\/uploads\/2025\/11\/54804294622_dfda8a98a6_o-768x511.jpg 768w, https:\/\/concertationspe.qc.ca\/wp-content\/uploads\/2025\/11\/54804294622_dfda8a98a6_o-18x12.jpg 18w, https:\/\/concertationspe.qc.ca\/wp-content\/uploads\/2025\/11\/54804294622_dfda8a98a6_o.jpg 1452w\" sizes=\"(max-width: 1024px) 100vw, 1024px\" \/><\/figure>\n<p><\/p>\n<figure class=\"wp-block-image size-large\"><img decoding=\"async\" width=\"1024\" height=\"681\" class=\"wp-image-6565\" src=\"https:\/\/concertationspe.qc.ca\/wp-content\/uploads\/2025\/11\/54805389394_a27669dbd8_o-1024x681.jpg\" alt=\"\" srcset=\"https:\/\/concertationspe.qc.ca\/wp-content\/uploads\/2025\/11\/54805389394_a27669dbd8_o-1024x681.jpg 1024w, https:\/\/concertationspe.qc.ca\/wp-content\/uploads\/2025\/11\/54805389394_a27669dbd8_o-300x200.jpg 300w, https:\/\/concertationspe.qc.ca\/wp-content\/uploads\/2025\/11\/54805389394_a27669dbd8_o-768x511.jpg 768w, https:\/\/concertationspe.qc.ca\/wp-content\/uploads\/2025\/11\/54805389394_a27669dbd8_o-18x12.jpg 18w, https:\/\/concertationspe.qc.ca\/wp-content\/uploads\/2025\/11\/54805389394_a27669dbd8_o.jpg 1285w\" sizes=\"(max-width: 1024px) 100vw, 1024px\" \/><\/figure>\n<p><\/p>\n<p>Cr\u00e9dit photo : Arrondissement du Sud-Ouest \/ Mike Ch\u00e9ry<\/p>\n<p><\/p>\n<p>Apr\u00e8s cette belle mise en marche, la journ\u00e9e s\u2019est poursuivie par un \u00e9v\u00e9nement festif. C\u2019\u00e9tait aussi l\u2019occasion de lancer le projet&nbsp;<a href=\"https:\/\/concertationspe.qc.ca\/en\/pact-projection-architecturale-concertation-theatre\/\" target=\"_blank\">PACT \u2013 Projection Architecturale Concertation Th\u00e9\u00e2tre<\/a>, r\u00e9alis\u00e9 en partenariat avec le Groupe Paradoxe. Le PACT est bien plus qu\u2019une projection lumineuse : il met en valeur la m\u00e9moire, le patrimoine et la cr\u00e9ativit\u00e9 du quartier, tout en donnant une place \u00e0 la voix de ses citoyen.nes. Il s\u2019inscrit dans la continuit\u00e9 de la RUI en animant et embellissant l\u2019espace public, en rassemblant les g\u00e9n\u00e9rations et en ouvrant de nouvelles opportunit\u00e9s pour les jeunes accompagn\u00e9s par le Groupe Paradoxe.<\/p>\n<p><\/p>\n<p><strong>Deux premiers montages ont \u00e9t\u00e9 d\u00e9voil\u00e9s :<\/strong><br>\u2022&nbsp; &nbsp; Un condens\u00e9 des r\u00e9alisations de la RUI.<br>\u2022&nbsp; &nbsp; \u00ab L\u2019art de chez nous \u00bb, un montage r\u00e9alis\u00e9 en collaboration avec des artistes du Sud-Ouest.<\/p>\n<p><\/p>\n<p>Le lancement s\u2019est fait en pr\u00e9sence de plusieurs artistes qui ont g\u00e9n\u00e9reusement contribu\u00e9 \u00e0 ce projet collectif, en partageant leurs \u0153uvres et leur sensibilit\u00e9 avec toute la communaut\u00e9.&nbsp;<\/p>\n<p><\/p>\n<p>Vous pouvez d\u00e9sormais admirer les projections tous les soirs \u00e0 partir de 20 h, \u00e0 la terrasse&nbsp;Saint-Georges du Groupe Paradoxe, au 5959 boulevard Monk. L\u2019horaire sera ajust\u00e9 au fil des semaines afin de correspondre \u00e0 la tomb\u00e9e de la nuit.<\/p>\n<p><\/p>\n<figure class=\"wp-block-image size-large\"><img decoding=\"async\" width=\"1024\" height=\"683\" class=\"wp-image-6566\" src=\"https:\/\/concertationspe.qc.ca\/wp-content\/uploads\/2025\/11\/Photo-Pact-1024x683.png\" alt=\"PACT - Projection Architecturale Concertation Th\u00e9\u00e2tre\" srcset=\"https:\/\/concertationspe.qc.ca\/wp-content\/uploads\/2025\/11\/Photo-Pact-1024x683.png 1024w, https:\/\/concertationspe.qc.ca\/wp-content\/uploads\/2025\/11\/Photo-Pact-300x200.png 300w, https:\/\/concertationspe.qc.ca\/wp-content\/uploads\/2025\/11\/Photo-Pact-768x512.png 768w, https:\/\/concertationspe.qc.ca\/wp-content\/uploads\/2025\/11\/Photo-Pact-1536x1024.png 1536w, https:\/\/concertationspe.qc.ca\/wp-content\/uploads\/2025\/11\/Photo-Pact-18x12.png 18w, https:\/\/concertationspe.qc.ca\/wp-content\/uploads\/2025\/11\/Photo-Pact.png 2048w\" sizes=\"(max-width: 1024px) 100vw, 1024px\" \/><\/figure>\n<p><\/p>\n<figure class=\"wp-block-image size-large\"><img loading=\"lazy\" decoding=\"async\" width=\"1024\" height=\"659\" class=\"wp-image-6567\" src=\"https:\/\/concertationspe.qc.ca\/wp-content\/uploads\/2025\/11\/IMG_1422-zoom-1024x659.jpg\" alt=\"Photo des artistes et des dignitaires\" srcset=\"https:\/\/concertationspe.qc.ca\/wp-content\/uploads\/2025\/11\/IMG_1422-zoom-1024x659.jpg 1024w, https:\/\/concertationspe.qc.ca\/wp-content\/uploads\/2025\/11\/IMG_1422-zoom-300x193.jpg 300w, https:\/\/concertationspe.qc.ca\/wp-content\/uploads\/2025\/11\/IMG_1422-zoom-768x494.jpg 768w, https:\/\/concertationspe.qc.ca\/wp-content\/uploads\/2025\/11\/IMG_1422-zoom-1536x989.jpg 1536w, https:\/\/concertationspe.qc.ca\/wp-content\/uploads\/2025\/11\/IMG_1422-zoom-2048x1319.jpg 2048w, https:\/\/concertationspe.qc.ca\/wp-content\/uploads\/2025\/11\/IMG_1422-zoom-18x12.jpg 18w\" sizes=\"(max-width: 1024px) 100vw, 1024px\" \/><\/figure>\n<p><\/p>\t\t\t\t\t\t\t\t<\/div>\n\t\t\t\t<\/div>\n\t\t\t\t\t<\/div>\n\t\t<\/div>\n\t\t\t\t\t<\/div>\n\t\t<\/section>\n\t\t\t\t<\/div>","protected":false},"excerpt":{"rendered":"<p>Le programme de la RUI a transform\u00e9 le quartier Galt au cours des 22 derni\u00e8res ann\u00e9es.&nbsp; Les principaux acteur.trices de la mise en \u0153uvre du programme, les organismes et les citoyen.nes ont particip\u00e9 \u00e0 un rallye&nbsp;de d\u00e9couverte et \u00e0 une f\u00eate le 19 septembre 2025. Tout d&rsquo;abord, les citoyen.nes \u00e9taient invit\u00e9.es \u00e0 participer au&nbsp;Rallye de [&hellip;]<\/p>\n","protected":false},"author":4,"featured_media":0,"comment_status":"closed","ping_status":"","sticky":false,"template":"","format":"standard","meta":{"_jetpack_memberships_contains_paid_content":false,"footnotes":""},"categories":[2],"tags":[],"class_list":["post-6563","post","type-post","status-publish","format-standard","hentry","category-actualites"],"jetpack_featured_media_url":"","jetpack_sharing_enabled":true,"_links":{"self":[{"href":"https:\/\/concertationspe.qc.ca\/en\/wp-json\/wp\/v2\/posts\/6563","targetHints":{"allow":["GET"]}}],"collection":[{"href":"https:\/\/concertationspe.qc.ca\/en\/wp-json\/wp\/v2\/posts"}],"about":[{"href":"https:\/\/concertationspe.qc.ca\/en\/wp-json\/wp\/v2\/types\/post"}],"author":[{"embeddable":true,"href":"https:\/\/concertationspe.qc.ca\/en\/wp-json\/wp\/v2\/users\/4"}],"replies":[{"embeddable":true,"href":"https:\/\/concertationspe.qc.ca\/en\/wp-json\/wp\/v2\/comments?post=6563"}],"version-history":[{"count":5,"href":"https:\/\/concertationspe.qc.ca\/en\/wp-json\/wp\/v2\/posts\/6563\/revisions"}],"predecessor-version":[{"id":6577,"href":"https:\/\/concertationspe.qc.ca\/en\/wp-json\/wp\/v2\/posts\/6563\/revisions\/6577"}],"wp:attachment":[{"href":"https:\/\/concertationspe.qc.ca\/en\/wp-json\/wp\/v2\/media?parent=6563"}],"wp:term":[{"taxonomy":"category","embeddable":true,"href":"https:\/\/concertationspe.qc.ca\/en\/wp-json\/wp\/v2\/categories?post=6563"},{"taxonomy":"post_tag","embeddable":true,"href":"https:\/\/concertationspe.qc.ca\/en\/wp-json\/wp\/v2\/tags?post=6563"}],"curies":[{"name":"wp","href":"https:\/\/api.w.org\/{rel}","templated":true}]}}