{"id":6578,"date":"2025-11-19T20:44:38","date_gmt":"2025-11-19T20:44:38","guid":{"rendered":"https:\/\/concertationspe.qc.ca\/?p=6578"},"modified":"2026-04-28T15:48:42","modified_gmt":"2026-04-28T15:48:42","slug":"forum-citoyen-acces-sante","status":"publish","type":"post","link":"https:\/\/concertationspe.qc.ca\/en\/forum-citoyen-acces-sante\/","title":{"rendered":"Forum citoyen acc\u00e8s sant\u00e9"},"content":{"rendered":"<p><strong>Le 15 octobre 2025, une cinquantaine de personnes se sont r\u00e9unies au Th\u00e9\u00e2tre Paradoxe pour faire un \u00e9tat des services offerts au CLSC Ville-\u00c9mard \/ C\u00f4te St-Paul. C&rsquo;\u00e9tait aussi l&rsquo;occasion d&rsquo;examiner diff\u00e9rentes actions collectives \u00e0 mener pour un CLSC qui r\u00e9pond aux besoins r\u00e9els des personnes du quartier.<\/strong><\/p>\n\n\n\n<p>Les participants ont pu prendre connaissance des&nbsp;<a href=\"https:\/\/concertationspe.benchurl.com\/c\/l?u=13197ACF&amp;e=1A6CF49&amp;c=17C3CF&amp;t=1&amp;l=B00BE315&amp;email=brtjbRY8ei5pKP9s3bX8%2Fq%2BhBRrenFxF%2BKckR0jqPO5DNloKNyEN%2Bw%3D%3D&amp;seq=1\" target=\"_blank\" rel=\"noreferrer noopener\">r\u00e9sultats d\u2019un sondage<\/a>&nbsp;men\u00e9 aupr\u00e8s de 250 personnes ainsi qu\u2019une&nbsp;<a href=\"https:\/\/concertationspe.benchurl.com\/c\/l?u=13197AD0&amp;e=1A6CF49&amp;c=17C3CF&amp;t=1&amp;l=B00BE315&amp;email=brtjbRY8ei5pKP9s3bX8%2Fq%2BhBRrenFxF%2BKckR0jqPO5DNloKNyEN%2Bw%3D%3D&amp;seq=1\" target=\"_blank\" rel=\"noreferrer noopener\">analyse des 4 groupes de discussion<\/a>&nbsp;men\u00e9s aux mois d\u2019ao\u00fbt et septembre dernier. Sous une formule ouverte, 4 kiosques ont offert de l\u2019information sur les soins \u00e0 domicile, les services offerts au CLSC, l\u2019historique des CLSC et les droits et recours des usagers. <\/p>\n\n\n\n<figure class=\"wp-block-image size-large\"><img fetchpriority=\"high\" decoding=\"async\" width=\"1024\" height=\"683\" src=\"https:\/\/concertationspe.qc.ca\/wp-content\/uploads\/2025\/11\/Forum-1024x683.png\" alt=\"Photo des kiosques\" class=\"wp-image-6582\" srcset=\"https:\/\/concertationspe.qc.ca\/wp-content\/uploads\/2025\/11\/Forum-1024x683.png 1024w, https:\/\/concertationspe.qc.ca\/wp-content\/uploads\/2025\/11\/Forum-300x200.png 300w, https:\/\/concertationspe.qc.ca\/wp-content\/uploads\/2025\/11\/Forum-768x512.png 768w, https:\/\/concertationspe.qc.ca\/wp-content\/uploads\/2025\/11\/Forum-1536x1024.png 1536w, https:\/\/concertationspe.qc.ca\/wp-content\/uploads\/2025\/11\/Forum-18x12.png 18w, https:\/\/concertationspe.qc.ca\/wp-content\/uploads\/2025\/11\/Forum.png 2048w\" sizes=\"(max-width: 1024px) 100vw, 1024px\" \/><\/figure>\n\n\n\n<p>4 invit\u00e9.es ont pr\u00e9sent\u00e9 dans le cadre d\u2019un panel de discussion diff\u00e9rentes perspectives de la probl\u00e9matique de l\u2019acc\u00e8s aux services de sant\u00e9. Par la suite, des citoyens et citoyennes ont exprim\u00e9 des commentaires sur leur exp\u00e9rience v\u00e9cue. Une <a href=\"https:\/\/www.youtube.com\/watch?v=C_H4CZ9dGwI\">vid\u00e9o<\/a> du panel a \u00e9t\u00e9 capt\u00e9e.<\/p>\n\n\n\n<figure class=\"wp-block-image size-large\"><img decoding=\"async\" width=\"1024\" height=\"461\" src=\"https:\/\/concertationspe.qc.ca\/wp-content\/uploads\/2025\/11\/Panel-1024x461.jpg\" alt=\"Photo des pan\u00e9listes\" class=\"wp-image-6579\" srcset=\"https:\/\/concertationspe.qc.ca\/wp-content\/uploads\/2025\/11\/Panel-1024x461.jpg 1024w, https:\/\/concertationspe.qc.ca\/wp-content\/uploads\/2025\/11\/Panel-300x135.jpg 300w, https:\/\/concertationspe.qc.ca\/wp-content\/uploads\/2025\/11\/Panel-768x346.jpg 768w, https:\/\/concertationspe.qc.ca\/wp-content\/uploads\/2025\/11\/Panel-1536x692.jpg 1536w, https:\/\/concertationspe.qc.ca\/wp-content\/uploads\/2025\/11\/Panel-2048x922.jpg 2048w, https:\/\/concertationspe.qc.ca\/wp-content\/uploads\/2025\/11\/Panel-18x8.jpg 18w\" sizes=\"(max-width: 1024px) 100vw, 1024px\" \/><figcaption class=\"wp-element-caption\">Photo des pan\u00e9listes du Forum citoyen acc\u00e8s sant\u00e9 de gauche \u00e0 droite : Ariane Carpentier, Monique Labelle, Janie Houle et Dr Baijayanta Mukhopadhyay.<\/figcaption><\/figure>\n\n\n\n<p><\/p>\n\n\n\n<p><strong>Ariane Carpentier, organisatrice communautaire<\/strong> <strong>\u00e0 la clinique de Pointe St-Charles,<\/strong> a retrac\u00e9 l\u2019historique des CLSC et de leur aspect d\u00e9mocratique.<\/p>\n\n\n\n<p><strong>Monique Labelle, vice-pr\u00e9sidente du Comit\u00e9 des usagers du Sud-Ouest-Verdun du CIUSSS Centre Sud de Montr\u00e9al ainsi que pr\u00e9sidente d\u2019un comit\u00e9 de r\u00e9sidents<\/strong> a fait conna\u00eetre les recours individuels et collectifs pour la d\u00e9fense des droits des usagers.<\/p>\n\n\n\n<p><strong>Janie Houle, psychologue communautaire<\/strong> a pr\u00e9sent\u00e9 les d\u00e9marches collectives qui ont produits des changements sociaux et l\u2019impact de l\u2019inaccessibilit\u00e9 aux soins sur les populations vuln\u00e9rables. <strong>Janie Houle est titulaire de la Chaire de recherche UQAM sur la r\u00e9duction des in\u00e9galit\u00e9s sociales de sant\u00e9, professeure titulaire au D\u00e9partement de psychologie, de l\u2019UQAM Montr\u00e9al et chercheur au Centre de recherche de l\u2019Institut universitaire en sant\u00e9 mentale de Montr\u00e9al.<\/strong><\/p>\n\n\n\n<p><strong>Dr Baijayanta Mukhopadhyay<\/strong>, <strong>m\u00e9decin omnipraticien<\/strong>, a expliqu\u00e9 les menaces mondiales face \u00e0 l\u2019acc\u00e8s aux soins et l\u2019importance de la sant\u00e9 collective (approche holistique).<\/p>\n\n\n\n<p><\/p>","protected":false},"excerpt":{"rendered":"<p>Le 15 octobre 2025, une cinquantaine de personnes se sont r\u00e9unies au Th\u00e9\u00e2tre Paradoxe pour faire un \u00e9tat des services offerts au CLSC Ville-\u00c9mard \/ C\u00f4te St-Paul. C&rsquo;\u00e9tait aussi l&rsquo;occasion d&rsquo;examiner diff\u00e9rentes actions collectives \u00e0 mener pour un CLSC qui r\u00e9pond aux besoins r\u00e9els des personnes du quartier. Les participants ont pu prendre connaissance des&nbsp;r\u00e9sultats [&hellip;]<\/p>\n","protected":false},"author":4,"featured_media":0,"comment_status":"closed","ping_status":"","sticky":false,"template":"","format":"standard","meta":{"_jetpack_memberships_contains_paid_content":false,"footnotes":""},"categories":[2],"tags":[],"class_list":["post-6578","post","type-post","status-publish","format-standard","hentry","category-actualites"],"jetpack_featured_media_url":"","jetpack_sharing_enabled":true,"_links":{"self":[{"href":"https:\/\/concertationspe.qc.ca\/en\/wp-json\/wp\/v2\/posts\/6578","targetHints":{"allow":["GET"]}}],"collection":[{"href":"https:\/\/concertationspe.qc.ca\/en\/wp-json\/wp\/v2\/posts"}],"about":[{"href":"https:\/\/concertationspe.qc.ca\/en\/wp-json\/wp\/v2\/types\/post"}],"author":[{"embeddable":true,"href":"https:\/\/concertationspe.qc.ca\/en\/wp-json\/wp\/v2\/users\/4"}],"replies":[{"embeddable":true,"href":"https:\/\/concertationspe.qc.ca\/en\/wp-json\/wp\/v2\/comments?post=6578"}],"version-history":[{"count":3,"href":"https:\/\/concertationspe.qc.ca\/en\/wp-json\/wp\/v2\/posts\/6578\/revisions"}],"predecessor-version":[{"id":6663,"href":"https:\/\/concertationspe.qc.ca\/en\/wp-json\/wp\/v2\/posts\/6578\/revisions\/6663"}],"wp:attachment":[{"href":"https:\/\/concertationspe.qc.ca\/en\/wp-json\/wp\/v2\/media?parent=6578"}],"wp:term":[{"taxonomy":"category","embeddable":true,"href":"https:\/\/concertationspe.qc.ca\/en\/wp-json\/wp\/v2\/categories?post=6578"},{"taxonomy":"post_tag","embeddable":true,"href":"https:\/\/concertationspe.qc.ca\/en\/wp-json\/wp\/v2\/tags?post=6578"}],"curies":[{"name":"wp","href":"https:\/\/api.w.org\/{rel}","templated":true}]}}